{"id":4804,"date":"2024-12-12T16:04:33","date_gmt":"2024-12-12T16:04:33","guid":{"rendered":"https:\/\/myguestrelation.com\/?p=4804"},"modified":"2025-01-23T10:22:59","modified_gmt":"2025-01-23T10:22:59","slug":"quest-ce-que-la-location-moyenne-duree","status":"publish","type":"post","link":"https:\/\/myguestrelation.com\/en\/quest-ce-que-la-location-moyenne-duree\/","title":{"rendered":"What is medium-term rental?"},"content":{"rendered":"<p>[et_pb_section fb_built=\u00a0\u00bb1&Prime; _builder_version=\u00a0\u00bb4.27.4&Prime; _module_preset=\u00a0\u00bbdefault\u00a0\u00bb custom_margin_tablet=\u00a0\u00bb\u00a0\u00bb custom_margin_phone=\u00a0\u00bb-77px||||false|false\u00a0\u00bb custom_margin_last_edited=\u00a0\u00bbon|phone\u00a0\u00bb custom_padding=\u00a0\u00bb||0px|||\u00a0\u00bb hover_enabled=\u00a0\u00bb0&Prime; global_colors_info=\u00a0\u00bb{}\u00a0\u00bb theme_builder_area=\u00a0\u00bbpost_content\u00a0\u00bb custom_margin=\u00a0\u00bb-88px||||false|false\u00a0\u00bb sticky_enabled=\u00a0\u00bb0&Prime;][et_pb_row custom_padding_last_edited=\u00a0\u00bbon|phone\u00a0\u00bb _builder_version=\u00a0\u00bb4.27.4&Prime; _module_preset=\u00a0\u00bbdefault\u00a0\u00bb width_tablet=\u00a0\u00bb\u00a0\u00bb width_phone=\u00a0\u00bb88%\u00a0\u00bb width_last_edited=\u00a0\u00bbon|phone\u00a0\u00bb max_width=\u00a0\u00bb1266px\u00a0\u00bb min_height=\u00a0\u00bb2242.9px\u00a0\u00bb custom_padding_tablet=\u00a0\u00bb\u00a0\u00bb custom_padding_phone=\u00a0\u00bb0px||||false|false\u00a0\u00bb global_colors_info=\u00a0\u00bb{}\u00a0\u00bb theme_builder_area=\u00a0\u00bbpost_content\u00a0\u00bb][et_pb_column type=\u00a0\u00bb4_4&Prime; _builder_version=\u00a0\u00bb4.20.0&Prime; _module_preset=\u00a0\u00bbdefault\u00a0\u00bb global_colors_info=\u00a0\u00bb{}\u00a0\u00bb theme_builder_area=\u00a0\u00bbpost_content\u00a0\u00bb][et_pb_image src=\u00a0\u00bbhttps:\/\/myguestrelation.com\/wp-content\/uploads\/2024\/06\/gestion-location-moyenne-duree.png\u00a0\u00bb title_text=\u00a0\u00bbgestion-location-moyenne-duree\u00a0\u00bb disabled_on=\u00a0\u00bboff|off|off\u00a0\u00bb _builder_version=\u00a0\u00bb4.27.4&Prime; _module_preset=\u00a0\u00bbdefault\u00a0\u00bb width=\u00a0\u00bb80%\u00a0\u00bb global_colors_info=\u00a0\u00bb{}\u00a0\u00bb theme_builder_area=\u00a0\u00bbpost_content\u00a0\u00bb][\/et_pb_image][et_pb_text _builder_version=\u00a0\u00bb4.27.4&Prime; _module_preset=\u00a0\u00bbdefault\u00a0\u00bb global_colors_info=\u00a0\u00bb{}\u00a0\u00bb theme_builder_area=\u00a0\u00bbpost_content\u00a0\u00bb]<\/p>\n<h1>Qu&rsquo;est-ce que la location moyenne dur\u00e9e ?<\/h1>\n<p>[\/et_pb_text][et_pb_divider divider_weight=\u00a0\u00bb2px\u00a0\u00bb _builder_version=\u00a0\u00bb4.20.0&Prime; _module_preset=\u00a0\u00bbdefault\u00a0\u00bb width=\u00a0\u00bb25%\u00a0\u00bb global_colors_info=\u00a0\u00bb{}\u00a0\u00bb theme_builder_area=\u00a0\u00bbpost_content\u00a0\u00bb][\/et_pb_divider][et_pb_text _builder_version=\u00a0\u00bb4.27.4&Prime; _module_preset=\u00a0\u00bbdefault\u00a0\u00bb text_text_color=\u00a0\u00bb#393c40&Prime; global_colors_info=\u00a0\u00bb{}\u00a0\u00bb theme_builder_area=\u00a0\u00bbpost_content\u00a0\u00bb]<\/p>\n<p style=\"text-align: left;\"><b>La location moyenne dur\u00e9e repr\u00e9sente une alternative int\u00e9ressante \u00e0 la location courte et longue dur\u00e9e. Les s\u00e9jours prolong\u00e9s \u00e0 Nice offrent de nombreux avantages et pourtant, ils restent relativement sous-d\u00e9velopp\u00e9s par rapport \u00e0 la location saisonni\u00e8re classique. De quoi s\u2019agit-il concr\u00e8tement ? Une location \u00e0 moyen terme concerne les s\u00e9jours compris entre 1 et 10 mois alors que la location longue dur\u00e9e dure plus d\u2019un an. Au-del\u00e0 de ce d\u00e9lai l\u00e9gal, il faut changer de locataire ou passer sur un contrat de location classique. Ce contrat de location sp\u00e9cifique et non renouvelable encadr\u00e9 par le bail mobilit\u00e9 a \u00e9t\u00e9 instaur\u00e9 par la loi ELAN en 2018.\u00a0<\/b><\/p>\n<p>[\/et_pb_text][et_pb_text _builder_version=\u00a0\u00bb4.27.4&Prime; _module_preset=\u00a0\u00bbdefault\u00a0\u00bb global_colors_info=\u00a0\u00bb{}\u00a0\u00bb theme_builder_area=\u00a0\u00bbpost_content\u00a0\u00bb]<\/p>\n<h2>\u00c0 qui s\u2019adresse ce type de location ?<\/h2>\n<p>[\/et_pb_text][et_pb_text _builder_version=\u00a0\u00bb4.27.4&Prime; _module_preset=\u00a0\u00bbdefault\u00a0\u00bb global_colors_info=\u00a0\u00bb{}\u00a0\u00bb theme_builder_area=\u00a0\u00bbpost_content\u00a0\u00bb]<\/p>\n<p><span style=\"font-weight: 400;\">De mani\u00e8re g\u00e9n\u00e9rale, la location moyenne dur\u00e9e int\u00e9resse les <\/span><b>personnes mobiles professionnellement<\/b><span style=\"font-weight: 400;\"> et ceux qui connaissent un <\/span><b>changement temporaire de situation<\/b><span style=\"font-weight: 400;\">. Par exemple, depuis le coronavirus, le t\u00e9l\u00e9travail s\u2019est r\u00e9pandu, certains d\u00e9cident de partir quelques semaines tout en t\u00e9l\u00e9travaillant. Appel\u00e9s digital nomads, les salari\u00e9s qui peuvent travailler \u00e0 distance ou les freelances s\u00e9journent parfois dans une autre ville ou \u00e0 l\u2019\u00e9tranger pour se d\u00e9payser. D\u2019ailleurs, ce contexte a renforc\u00e9 le potentiel du <\/span><b>bail mobilit\u00e9 \u00e0 Nice<\/b><span style=\"font-weight: 400;\">. Voici plus pr\u00e9cis\u00e9ment les profils de locataires susceptibles de <\/span><b>s\u00e9journer \u00e0 moyen terme <\/b><span style=\"font-weight: 400;\">:\u00a0<\/span><\/p>\n<p><span style=\"font-weight: 400;\"><\/span><\/p>\n<ul>\n<li style=\"font-weight: 400;\" aria-level=\"1\"><span style=\"font-weight: 400;\">Ceux qui suivent une formation professionnelle ;<\/span><\/li>\n<li style=\"font-weight: 400;\" aria-level=\"1\"><span style=\"font-weight: 400;\">Les \u00e9tudiants en formation dans l\u2019enseignement sup\u00e9rieur ;<\/span><\/li>\n<li style=\"font-weight: 400;\" aria-level=\"1\"><span style=\"font-weight: 400;\">Les apprentis qui ont sign\u00e9 un contrat d\u2019apprentissage ;<\/span><\/li>\n<li style=\"font-weight: 400;\" aria-level=\"1\"><span style=\"font-weight: 400;\">Les stagiaires ;<\/span><\/li>\n<li style=\"font-weight: 400;\" aria-level=\"1\"><span style=\"font-weight: 400;\">Les volontaires en Service Civique ;<\/span><\/li>\n<li style=\"font-weight: 400;\" aria-level=\"1\"><span style=\"font-weight: 400;\">Les salari\u00e9s en mutation professionnelle ;<\/span><\/li>\n<li style=\"font-weight: 400;\" aria-level=\"1\"><span style=\"font-weight: 400;\">Les travailleurs temporaires ;<\/span><\/li>\n<li style=\"font-weight: 400;\" aria-level=\"1\"><span style=\"font-weight: 400;\">Les digital nomads.\u00a0<\/span><\/li>\n<\/ul>\n<p>[\/et_pb_text][et_pb_text _builder_version=\u00a0\u00bb4.27.4&Prime; _module_preset=\u00a0\u00bbdefault\u00a0\u00bb global_colors_info=\u00a0\u00bb{}\u00a0\u00bb theme_builder_area=\u00a0\u00bbpost_content\u00a0\u00bb]<\/p>\n<h2>Comment louer votre logement en moyenne dur\u00e9e ?<\/h2>\n<p>[\/et_pb_text][et_pb_text _builder_version=\u00a0\u00bb4.27.4&Prime; _module_preset=\u00a0\u00bbdefault\u00a0\u00bb global_colors_info=\u00a0\u00bb{}\u00a0\u00bb theme_builder_area=\u00a0\u00bbpost_content\u00a0\u00bb]<\/p>\n<p><span style=\"font-weight: 400;\">La premi\u00e8re d\u00e9marche pour mettre un bien en location moyenne dur\u00e9e, consiste \u00e0 cr\u00e9er ou ajuster les param\u00e8tres d\u2019une <\/span><a href=\"https:\/\/www.airbnb.fr\/stays\/monthly\"><span style=\"font-weight: 400;\">annonce Airbnb<\/span><\/a><span style=\"font-weight: 400;\"> afin d\u2019attirer cette client\u00e8le sp\u00e9cifique. Tout d\u2019abord, il convient d\u2019ajuster la dur\u00e9e minimale du s\u00e9jour \u00e0 <\/span><b>28 nuits<\/b><span style=\"font-weight: 400;\">. Ensuite, le titre et la description doivent indiquer clairement qu\u2019il s\u2019agit d\u2019un logement sous bail mobilit\u00e9.<\/span><\/p>\n<p><span style=\"font-weight: 400;\">Les propri\u00e9taires d\u2019une <\/span><b>r\u00e9sidence principale<\/b><span style=\"font-weight: 400;\"> aussi bien que d\u2019une <\/span><b>r\u00e9sidence secondaire <\/b><span style=\"font-weight: 400;\">peuvent proposer leur <\/span><b>logement \u00e0 moyen terme<\/b><span style=\"font-weight: 400;\">. L\u2019h\u00e9bergement doit \u00eatre suffisamment \u00e9quip\u00e9 et am\u00e9nag\u00e9 avec du mobilier confortable pour satisfaire les occupants.\u00a0<\/span><\/p>\n<p><span style=\"font-weight: 400;\">Les tarifs \u00e0 d\u00e9terminer sont forc\u00e9ment moins \u00e9lev\u00e9s par rapport \u00e0 une <\/span><b>location saisonni\u00e8re classique<\/b><span style=\"font-weight: 400;\">, mais les revenus sup\u00e9rieurs \u00e0 une <\/span><b>location longue dur\u00e9e<\/b><span style=\"font-weight: 400;\">. Ils d\u00e9pendent de plusieurs facteurs, notamment de la superficie et de la localisation du logement.\u00a0<\/span><\/p>\n<p>[\/et_pb_text][et_pb_text _builder_version=\u00a0\u00bb4.27.4&Prime; _module_preset=\u00a0\u00bbdefault\u00a0\u00bb global_colors_info=\u00a0\u00bb{}\u00a0\u00bb theme_builder_area=\u00a0\u00bbpost_content\u00a0\u00bb]<\/p>\n<h2>Pourquoi confier la gestion de votre location moyenne dur\u00e9e ?<\/h2>\n<p>[\/et_pb_text][et_pb_text _builder_version=\u00a0\u00bb4.27.4&Prime; _module_preset=\u00a0\u00bbdefault\u00a0\u00bb global_colors_info=\u00a0\u00bb{}\u00a0\u00bb theme_builder_area=\u00a0\u00bbpost_content\u00a0\u00bb]<\/p>\n<p><span style=\"font-weight: 400;\">Notre conciergerie Airbnb prend en charge la <\/span><a href=\"https:\/\/myguestrelation.com\/bail-mobilite\/\"><span style=\"font-weight: 400;\">gestion compl\u00e8te de votre location moyenne dur\u00e9e<\/span><\/a><span style=\"font-weight: 400;\"> pour que vous puissiez gagner du temps tout en offrant aux locataires un service optimal.\u00a0<\/span><\/p>\n<p><span style=\"font-weight: 400;\">La location moyenne dur\u00e9e demande moins de temps et d\u2019investissement, puisque les arriv\u00e9es et les d\u00e9parts sont beaucoup moins fr\u00e9quents. Par cons\u00e9quent, les <\/span><b>frais de gestion<\/b><span style=\"font-weight: 400;\"> diminuent en comparaison avec la location courte dur\u00e9e.\u00a0\u00a0<\/span><\/p>\n<p><span style=\"font-weight: 400;\">Notre \u00e9quipe d\u2019experts gr\u00e2ce \u00e0 leur connaissance du <\/span><b>march\u00e9 de l\u2019immobilier \u00e0 Nice<\/b><span style=\"font-weight: 400;\"> optimise le prix de votre location et le taux d\u2019occupation. Vous obtiendrez des <\/span><b>revenus locatifs r\u00e9guliers<\/b><span style=\"font-weight: 400;\"> et donc une plus grande <\/span><b>stabilit\u00e9 financi\u00e8re<\/b><span style=\"font-weight: 400;\">. Au contraire, la location \u00e0 court terme g\u00e9n\u00e8re des revenus qui fluctuent, plus difficiles \u00e0 pr\u00e9voir puisque cela d\u00e9pend de la p\u00e9riode ainsi que de la demande.\u00a0<\/span><\/p>\n<p>[\/et_pb_text][\/et_pb_column][\/et_pb_row][\/et_pb_section]<\/p>\n","protected":false},"excerpt":{"rendered":"<p>Medium-term rentals represent an attractive alternative to short- and long-term rentals. Although extended stays in Nice offer many advantages, they remain relatively underdeveloped compared to classic seasonal rentals. What is it really?...<\/p>","protected":false},"author":1,"featured_media":3685,"comment_status":"open","ping_status":"open","sticky":false,"template":"","format":"standard","meta":{"_et_pb_use_builder":"on","_et_pb_old_content":"","_et_gb_content_width":"","_monsterinsights_skip_tracking":false,"_monsterinsights_sitenote_active":false,"_monsterinsights_sitenote_note":"","_monsterinsights_sitenote_category":0,"footnotes":""},"categories":[45],"tags":[],"class_list":["post-4804","post","type-post","status-publish","format-standard","has-post-thumbnail","hentry","category-bail-mobilite"],"yoast_head":"<!-- This site is optimized with the Yoast SEO plugin v27.2 - https:\/\/yoast.com\/product\/yoast-seo-wordpress\/ -->\n<title>La location moyenne dur\u00e9e \u00e0 Nice, une alternative rentable<\/title>\n<meta name=\"description\" content=\"D\u00e9couvrez la location moyenne dur\u00e9e \u00e0 Nice avec le bail mobilit\u00e9. Gestion simplifi\u00e9e, stabilit\u00e9 financi\u00e8re gr\u00e2ce \u00e0 notre expertise.\" \/>\n<meta name=\"robots\" content=\"index, follow, max-snippet:-1, max-image-preview:large, max-video-preview:-1\" \/>\n<link rel=\"canonical\" href=\"https:\/\/myguestrelation.com\/en\/quest-ce-que-la-location-moyenne-duree\/\" \/>\n<meta property=\"og:locale\" content=\"en_US\" \/>\n<meta property=\"og:type\" content=\"article\" \/>\n<meta property=\"og:title\" content=\"La location moyenne dur\u00e9e \u00e0 Nice, une alternative rentable\" \/>\n<meta property=\"og:description\" content=\"D\u00e9couvrez la location moyenne dur\u00e9e \u00e0 Nice avec le bail mobilit\u00e9. Gestion simplifi\u00e9e, stabilit\u00e9 financi\u00e8re gr\u00e2ce \u00e0 notre expertise.\" \/>\n<meta property=\"og:url\" content=\"https:\/\/myguestrelation.com\/en\/quest-ce-que-la-location-moyenne-duree\/\" \/>\n<meta property=\"og:site_name\" content=\"My Guest Relation\" \/>\n<meta property=\"article:publisher\" content=\"https:\/\/www.facebook.com\/GuestRelation06\/\" \/>\n<meta property=\"article:published_time\" content=\"2024-12-12T16:04:33+00:00\" \/>\n<meta property=\"article:modified_time\" content=\"2025-01-23T10:22:59+00:00\" \/>\n<meta property=\"og:image\" content=\"https:\/\/myguestrelation.com\/wp-content\/uploads\/2024\/06\/appartement-bail-mobilite.png\" \/>\n\t<meta property=\"og:image:width\" content=\"425\" \/>\n\t<meta property=\"og:image:height\" content=\"283\" \/>\n\t<meta property=\"og:image:type\" content=\"image\/png\" \/>\n<meta name=\"author\" content=\"grbnb06\" \/>\n<meta name=\"twitter:card\" content=\"summary_large_image\" \/>\n<meta name=\"twitter:label1\" content=\"Written by\" \/>\n\t<meta name=\"twitter:data1\" content=\"grbnb06\" \/>\n\t<meta name=\"twitter:label2\" content=\"Est. reading time\" \/>\n\t<meta name=\"twitter:data2\" content=\"5 minutes\" \/>\n<script type=\"application\/ld+json\" class=\"yoast-schema-graph\">{\"@context\":\"https:\/\/schema.org\",\"@graph\":[{\"@type\":\"Article\",\"@id\":\"https:\/\/myguestrelation.com\/quest-ce-que-la-location-moyenne-duree\/#article\",\"isPartOf\":{\"@id\":\"https:\/\/myguestrelation.com\/quest-ce-que-la-location-moyenne-duree\/\"},\"author\":{\"name\":\"grbnb06\",\"@id\":\"https:\/\/myguestrelation.com\/#\/schema\/person\/14580a9dc3426e0a473e71bc1962c799\"},\"headline\":\"Qu\u2019est-ce que la location moyenne dur\u00e9e ?\",\"datePublished\":\"2024-12-12T16:04:33+00:00\",\"dateModified\":\"2025-01-23T10:22:59+00:00\",\"mainEntityOfPage\":{\"@id\":\"https:\/\/myguestrelation.com\/quest-ce-que-la-location-moyenne-duree\/\"},\"wordCount\":932,\"commentCount\":0,\"publisher\":{\"@id\":\"https:\/\/myguestrelation.com\/#organization\"},\"image\":{\"@id\":\"https:\/\/myguestrelation.com\/quest-ce-que-la-location-moyenne-duree\/#primaryimage\"},\"thumbnailUrl\":\"https:\/\/myguestrelation.com\/wp-content\/uploads\/2024\/06\/appartement-bail-mobilite.png\",\"articleSection\":[\"Bail mobilit\u00e9\"],\"inLanguage\":\"en-US\",\"potentialAction\":[{\"@type\":\"CommentAction\",\"name\":\"Comment\",\"target\":[\"https:\/\/myguestrelation.com\/quest-ce-que-la-location-moyenne-duree\/#respond\"]}]},{\"@type\":\"WebPage\",\"@id\":\"https:\/\/myguestrelation.com\/quest-ce-que-la-location-moyenne-duree\/\",\"url\":\"https:\/\/myguestrelation.com\/quest-ce-que-la-location-moyenne-duree\/\",\"name\":\"La location moyenne dur\u00e9e \u00e0 Nice, une alternative rentable\",\"isPartOf\":{\"@id\":\"https:\/\/myguestrelation.com\/#website\"},\"primaryImageOfPage\":{\"@id\":\"https:\/\/myguestrelation.com\/quest-ce-que-la-location-moyenne-duree\/#primaryimage\"},\"image\":{\"@id\":\"https:\/\/myguestrelation.com\/quest-ce-que-la-location-moyenne-duree\/#primaryimage\"},\"thumbnailUrl\":\"https:\/\/myguestrelation.com\/wp-content\/uploads\/2024\/06\/appartement-bail-mobilite.png\",\"datePublished\":\"2024-12-12T16:04:33+00:00\",\"dateModified\":\"2025-01-23T10:22:59+00:00\",\"description\":\"D\u00e9couvrez la location moyenne dur\u00e9e \u00e0 Nice avec le bail mobilit\u00e9. Gestion simplifi\u00e9e, stabilit\u00e9 financi\u00e8re gr\u00e2ce \u00e0 notre expertise.\",\"breadcrumb\":{\"@id\":\"https:\/\/myguestrelation.com\/quest-ce-que-la-location-moyenne-duree\/#breadcrumb\"},\"inLanguage\":\"en-US\",\"potentialAction\":[{\"@type\":\"ReadAction\",\"target\":[\"https:\/\/myguestrelation.com\/quest-ce-que-la-location-moyenne-duree\/\"]}]},{\"@type\":\"ImageObject\",\"inLanguage\":\"en-US\",\"@id\":\"https:\/\/myguestrelation.com\/quest-ce-que-la-location-moyenne-duree\/#primaryimage\",\"url\":\"https:\/\/myguestrelation.com\/wp-content\/uploads\/2024\/06\/appartement-bail-mobilite.png\",\"contentUrl\":\"https:\/\/myguestrelation.com\/wp-content\/uploads\/2024\/06\/appartement-bail-mobilite.png\",\"width\":425,\"height\":283},{\"@type\":\"BreadcrumbList\",\"@id\":\"https:\/\/myguestrelation.com\/quest-ce-que-la-location-moyenne-duree\/#breadcrumb\",\"itemListElement\":[{\"@type\":\"ListItem\",\"position\":1,\"name\":\"Accueil\",\"item\":\"https:\/\/myguestrelation.com\/\"},{\"@type\":\"ListItem\",\"position\":2,\"name\":\"Qu\u2019est-ce que la location moyenne dur\u00e9e ?\"}]},{\"@type\":\"WebSite\",\"@id\":\"https:\/\/myguestrelation.com\/#website\",\"url\":\"https:\/\/myguestrelation.com\/\",\"name\":\"My Guest Relation\",\"description\":\"\",\"publisher\":{\"@id\":\"https:\/\/myguestrelation.com\/#organization\"},\"potentialAction\":[{\"@type\":\"SearchAction\",\"target\":{\"@type\":\"EntryPoint\",\"urlTemplate\":\"https:\/\/myguestrelation.com\/?s={search_term_string}\"},\"query-input\":{\"@type\":\"PropertyValueSpecification\",\"valueRequired\":true,\"valueName\":\"search_term_string\"}}],\"inLanguage\":\"en-US\"},{\"@type\":\"Organization\",\"@id\":\"https:\/\/myguestrelation.com\/#organization\",\"name\":\"My Guest Relation\",\"url\":\"https:\/\/myguestrelation.com\/\",\"logo\":{\"@type\":\"ImageObject\",\"inLanguage\":\"en-US\",\"@id\":\"https:\/\/myguestrelation.com\/#\/schema\/logo\/image\/\",\"url\":\"https:\/\/myguestrelation.com\/wp-content\/uploads\/2020\/01\/Logo-final-petit_Guest-Relation.png\",\"contentUrl\":\"https:\/\/myguestrelation.com\/wp-content\/uploads\/2020\/01\/Logo-final-petit_Guest-Relation.png\",\"width\":425,\"height\":510,\"caption\":\"My Guest Relation\"},\"image\":{\"@id\":\"https:\/\/myguestrelation.com\/#\/schema\/logo\/image\/\"},\"sameAs\":[\"https:\/\/www.facebook.com\/GuestRelation06\/\"]},{\"@type\":\"Person\",\"@id\":\"https:\/\/myguestrelation.com\/#\/schema\/person\/14580a9dc3426e0a473e71bc1962c799\",\"name\":\"grbnb06\",\"image\":{\"@type\":\"ImageObject\",\"inLanguage\":\"en-US\",\"@id\":\"https:\/\/secure.gravatar.com\/avatar\/d9ed6b03dde9a59db61b08d682c9fd139e0324cafbc668dbef60a97129dd3266?s=96&d=mm&r=g\",\"url\":\"https:\/\/secure.gravatar.com\/avatar\/d9ed6b03dde9a59db61b08d682c9fd139e0324cafbc668dbef60a97129dd3266?s=96&d=mm&r=g\",\"contentUrl\":\"https:\/\/secure.gravatar.com\/avatar\/d9ed6b03dde9a59db61b08d682c9fd139e0324cafbc668dbef60a97129dd3266?s=96&d=mm&r=g\",\"caption\":\"grbnb06\"}}]}<\/script>\n<!-- \/ Yoast SEO plugin. -->","yoast_head_json":{"title":"La location moyenne dur\u00e9e \u00e0 Nice, une alternative rentable","description":"D\u00e9couvrez la location moyenne dur\u00e9e \u00e0 Nice avec le bail mobilit\u00e9. Gestion simplifi\u00e9e, stabilit\u00e9 financi\u00e8re gr\u00e2ce \u00e0 notre expertise.","robots":{"index":"index","follow":"follow","max-snippet":"max-snippet:-1","max-image-preview":"max-image-preview:large","max-video-preview":"max-video-preview:-1"},"canonical":"https:\/\/myguestrelation.com\/en\/quest-ce-que-la-location-moyenne-duree\/","og_locale":"en_US","og_type":"article","og_title":"La location moyenne dur\u00e9e \u00e0 Nice, une alternative rentable","og_description":"D\u00e9couvrez la location moyenne dur\u00e9e \u00e0 Nice avec le bail mobilit\u00e9. Gestion simplifi\u00e9e, stabilit\u00e9 financi\u00e8re gr\u00e2ce \u00e0 notre expertise.","og_url":"https:\/\/myguestrelation.com\/en\/quest-ce-que-la-location-moyenne-duree\/","og_site_name":"My Guest Relation","article_publisher":"https:\/\/www.facebook.com\/GuestRelation06\/","article_published_time":"2024-12-12T16:04:33+00:00","article_modified_time":"2025-01-23T10:22:59+00:00","og_image":[{"width":425,"height":283,"url":"https:\/\/myguestrelation.com\/wp-content\/uploads\/2024\/06\/appartement-bail-mobilite.png","type":"image\/png"}],"author":"grbnb06","twitter_card":"summary_large_image","twitter_misc":{"Written by":"grbnb06","Est. reading time":"5 minutes"},"schema":{"@context":"https:\/\/schema.org","@graph":[{"@type":"Article","@id":"https:\/\/myguestrelation.com\/quest-ce-que-la-location-moyenne-duree\/#article","isPartOf":{"@id":"https:\/\/myguestrelation.com\/quest-ce-que-la-location-moyenne-duree\/"},"author":{"name":"grbnb06","@id":"https:\/\/myguestrelation.com\/#\/schema\/person\/14580a9dc3426e0a473e71bc1962c799"},"headline":"Qu\u2019est-ce que la location moyenne dur\u00e9e ?","datePublished":"2024-12-12T16:04:33+00:00","dateModified":"2025-01-23T10:22:59+00:00","mainEntityOfPage":{"@id":"https:\/\/myguestrelation.com\/quest-ce-que-la-location-moyenne-duree\/"},"wordCount":932,"commentCount":0,"publisher":{"@id":"https:\/\/myguestrelation.com\/#organization"},"image":{"@id":"https:\/\/myguestrelation.com\/quest-ce-que-la-location-moyenne-duree\/#primaryimage"},"thumbnailUrl":"https:\/\/myguestrelation.com\/wp-content\/uploads\/2024\/06\/appartement-bail-mobilite.png","articleSection":["Bail mobilit\u00e9"],"inLanguage":"en-US","potentialAction":[{"@type":"CommentAction","name":"Comment","target":["https:\/\/myguestrelation.com\/quest-ce-que-la-location-moyenne-duree\/#respond"]}]},{"@type":"WebPage","@id":"https:\/\/myguestrelation.com\/quest-ce-que-la-location-moyenne-duree\/","url":"https:\/\/myguestrelation.com\/quest-ce-que-la-location-moyenne-duree\/","name":"La location moyenne dur\u00e9e \u00e0 Nice, une alternative rentable","isPartOf":{"@id":"https:\/\/myguestrelation.com\/#website"},"primaryImageOfPage":{"@id":"https:\/\/myguestrelation.com\/quest-ce-que-la-location-moyenne-duree\/#primaryimage"},"image":{"@id":"https:\/\/myguestrelation.com\/quest-ce-que-la-location-moyenne-duree\/#primaryimage"},"thumbnailUrl":"https:\/\/myguestrelation.com\/wp-content\/uploads\/2024\/06\/appartement-bail-mobilite.png","datePublished":"2024-12-12T16:04:33+00:00","dateModified":"2025-01-23T10:22:59+00:00","description":"D\u00e9couvrez la location moyenne dur\u00e9e \u00e0 Nice avec le bail mobilit\u00e9. Gestion simplifi\u00e9e, stabilit\u00e9 financi\u00e8re gr\u00e2ce \u00e0 notre expertise.","breadcrumb":{"@id":"https:\/\/myguestrelation.com\/quest-ce-que-la-location-moyenne-duree\/#breadcrumb"},"inLanguage":"en-US","potentialAction":[{"@type":"ReadAction","target":["https:\/\/myguestrelation.com\/quest-ce-que-la-location-moyenne-duree\/"]}]},{"@type":"ImageObject","inLanguage":"en-US","@id":"https:\/\/myguestrelation.com\/quest-ce-que-la-location-moyenne-duree\/#primaryimage","url":"https:\/\/myguestrelation.com\/wp-content\/uploads\/2024\/06\/appartement-bail-mobilite.png","contentUrl":"https:\/\/myguestrelation.com\/wp-content\/uploads\/2024\/06\/appartement-bail-mobilite.png","width":425,"height":283},{"@type":"BreadcrumbList","@id":"https:\/\/myguestrelation.com\/quest-ce-que-la-location-moyenne-duree\/#breadcrumb","itemListElement":[{"@type":"ListItem","position":1,"name":"Accueil","item":"https:\/\/myguestrelation.com\/"},{"@type":"ListItem","position":2,"name":"Qu\u2019est-ce que la location moyenne dur\u00e9e ?"}]},{"@type":"WebSite","@id":"https:\/\/myguestrelation.com\/#website","url":"https:\/\/myguestrelation.com\/","name":"My Guest Relation","description":"","publisher":{"@id":"https:\/\/myguestrelation.com\/#organization"},"potentialAction":[{"@type":"SearchAction","target":{"@type":"EntryPoint","urlTemplate":"https:\/\/myguestrelation.com\/?s={search_term_string}"},"query-input":{"@type":"PropertyValueSpecification","valueRequired":true,"valueName":"search_term_string"}}],"inLanguage":"en-US"},{"@type":"Organization","@id":"https:\/\/myguestrelation.com\/#organization","name":"My Guest Relation","url":"https:\/\/myguestrelation.com\/","logo":{"@type":"ImageObject","inLanguage":"en-US","@id":"https:\/\/myguestrelation.com\/#\/schema\/logo\/image\/","url":"https:\/\/myguestrelation.com\/wp-content\/uploads\/2020\/01\/Logo-final-petit_Guest-Relation.png","contentUrl":"https:\/\/myguestrelation.com\/wp-content\/uploads\/2020\/01\/Logo-final-petit_Guest-Relation.png","width":425,"height":510,"caption":"My Guest Relation"},"image":{"@id":"https:\/\/myguestrelation.com\/#\/schema\/logo\/image\/"},"sameAs":["https:\/\/www.facebook.com\/GuestRelation06\/"]},{"@type":"Person","@id":"https:\/\/myguestrelation.com\/#\/schema\/person\/14580a9dc3426e0a473e71bc1962c799","name":"grbnb06","image":{"@type":"ImageObject","inLanguage":"en-US","@id":"https:\/\/secure.gravatar.com\/avatar\/d9ed6b03dde9a59db61b08d682c9fd139e0324cafbc668dbef60a97129dd3266?s=96&d=mm&r=g","url":"https:\/\/secure.gravatar.com\/avatar\/d9ed6b03dde9a59db61b08d682c9fd139e0324cafbc668dbef60a97129dd3266?s=96&d=mm&r=g","contentUrl":"https:\/\/secure.gravatar.com\/avatar\/d9ed6b03dde9a59db61b08d682c9fd139e0324cafbc668dbef60a97129dd3266?s=96&d=mm&r=g","caption":"grbnb06"}}]}},"_links":{"self":[{"href":"https:\/\/myguestrelation.com\/en\/wp-json\/wp\/v2\/posts\/4804","targetHints":{"allow":["GET"]}}],"collection":[{"href":"https:\/\/myguestrelation.com\/en\/wp-json\/wp\/v2\/posts"}],"about":[{"href":"https:\/\/myguestrelation.com\/en\/wp-json\/wp\/v2\/types\/post"}],"author":[{"embeddable":true,"href":"https:\/\/myguestrelation.com\/en\/wp-json\/wp\/v2\/users\/1"}],"replies":[{"embeddable":true,"href":"https:\/\/myguestrelation.com\/en\/wp-json\/wp\/v2\/comments?post=4804"}],"version-history":[{"count":22,"href":"https:\/\/myguestrelation.com\/en\/wp-json\/wp\/v2\/posts\/4804\/revisions"}],"predecessor-version":[{"id":5097,"href":"https:\/\/myguestrelation.com\/en\/wp-json\/wp\/v2\/posts\/4804\/revisions\/5097"}],"wp:featuredmedia":[{"embeddable":true,"href":"https:\/\/myguestrelation.com\/en\/wp-json\/wp\/v2\/media\/3685"}],"wp:attachment":[{"href":"https:\/\/myguestrelation.com\/en\/wp-json\/wp\/v2\/media?parent=4804"}],"wp:term":[{"taxonomy":"category","embeddable":true,"href":"https:\/\/myguestrelation.com\/en\/wp-json\/wp\/v2\/categories?post=4804"},{"taxonomy":"post_tag","embeddable":true,"href":"https:\/\/myguestrelation.com\/en\/wp-json\/wp\/v2\/tags?post=4804"}],"curies":[{"name":"wp","href":"https:\/\/api.w.org\/{rel}","templated":true}]}}