{"id":5534,"date":"2025-11-05T10:00:00","date_gmt":"2025-11-05T10:00:00","guid":{"rendered":"https:\/\/myguestrelation.com\/?p=5534"},"modified":"2025-10-27T15:27:08","modified_gmt":"2025-10-27T15:27:08","slug":"bilan-de-lete-2025-pour-les-locations-saisonnieres","status":"publish","type":"post","link":"https:\/\/myguestrelation.com\/en\/bilan-de-lete-2025-pour-les-locations-saisonnieres\/","title":{"rendered":"Bilan de l\u2019\u00e9t\u00e9 2025 pour les locations saisonni\u00e8res"},"content":{"rendered":"\n[et_pb_section fb_built=\u00a0\u00bb1&Prime; _builder_version=\u00a0\u00bb4.20.0&Prime; _module_preset=\u00a0\u00bbdefault\u00a0\u00bb custom_margin=\u00a0\u00bb-31px|||||\u00a0\u00bb custom_padding=\u00a0\u00bb0px||0px|||\u00a0\u00bb global_colors_info=\u00a0\u00bb{}\u00a0\u00bb theme_builder_area=\u00a0\u00bbet_body_layout\u00a0\u00bb][et_pb_row _builder_version=\u00a0\u00bb4.27.4&Prime; _module_preset=\u00a0\u00bbdefault\u00a0\u00bb width_tablet=\u00a0\u00bb\u00a0\u00bb width_phone=\u00a0\u00bb88%\u00a0\u00bb width_last_edited=\u00a0\u00bbon|phone\u00a0\u00bb max_width=\u00a0\u00bb1266px\u00a0\u00bb min_height=\u00a0\u00bb2242.9px\u00a0\u00bb custom_margin=\u00a0\u00bb0px||||false|false\u00a0\u00bb custom_margin_tablet=\u00a0\u00bb0px||||false|false\u00a0\u00bb custom_margin_phone=\u00a0\u00bb|||18px|false|false\u00a0\u00bb custom_margin_last_edited=\u00a0\u00bbon|phone\u00a0\u00bb custom_padding=\u00a0\u00bb0px||||false|false\u00a0\u00bb global_colors_info=\u00a0\u00bb{}\u00a0\u00bb theme_builder_area=\u00a0\u00bbet_body_layout\u00a0\u00bb][et_pb_column type=\u00a0\u00bb4_4&Prime; _builder_version=\u00a0\u00bb4.20.0&Prime; _module_preset=\u00a0\u00bbdefault\u00a0\u00bb global_colors_info=\u00a0\u00bb{}\u00a0\u00bb theme_builder_area=\u00a0\u00bbet_body_layout\u00a0\u00bb][et_pb_image src=\u00a0\u00bbhttps:\/\/myguestrelation.com\/wp-content\/uploads\/2025\/10\/suite-clemenceau.jpg\u00a0\u00bb alt=\u00a0\u00bbUn logement mis en location saisonni\u00e8re cet \u00e9t\u00e9 2025&Prime; title_text=\u00a0\u00bbsuite-clemenceau\u00a0\u00bb disabled_on=\u00a0\u00bboff|off|off\u00a0\u00bb _builder_version=\u00a0\u00bb4.27.4&Prime; _module_preset=\u00a0\u00bbdefault\u00a0\u00bb width=\u00a0\u00bb80%\u00a0\u00bb hover_enabled=\u00a0\u00bb0&Prime; global_colors_info=\u00a0\u00bb{}\u00a0\u00bb theme_builder_area=\u00a0\u00bbet_body_layout\u00a0\u00bb sticky_enabled=\u00a0\u00bb0&Prime;][\/et_pb_image][et_pb_text _builder_version=\u00a0\u00bb4.27.4&Prime; _module_preset=\u00a0\u00bbdefault\u00a0\u00bb hover_enabled=\u00a0\u00bb0&Prime; global_colors_info=\u00a0\u00bb{}\u00a0\u00bb theme_builder_area=\u00a0\u00bbet_body_layout\u00a0\u00bb sticky_enabled=\u00a0\u00bb0&Prime;]<h1>Bilan de l\u2019\u00e9t\u00e9 2025 pour les locations saisonni\u00e8res<\/h1>[\/et_pb_text][et_pb_divider divider_weight=\u00a0\u00bb2px\u00a0\u00bb _builder_version=\u00a0\u00bb4.20.0&Prime; _module_preset=\u00a0\u00bbdefault\u00a0\u00bb width=\u00a0\u00bb25%\u00a0\u00bb global_colors_info=\u00a0\u00bb{}\u00a0\u00bb theme_builder_area=\u00a0\u00bbet_body_layout\u00a0\u00bb][\/et_pb_divider][et_pb_text _builder_version=\u00a0\u00bb4.27.4&Prime; _module_preset=\u00a0\u00bbdefault\u00a0\u00bb text_text_color=\u00a0\u00bb#393c40&Prime; hover_enabled=\u00a0\u00bb0&Prime; global_colors_info=\u00a0\u00bb{}\u00a0\u00bb theme_builder_area=\u00a0\u00bbet_body_layout\u00a0\u00bb sticky_enabled=\u00a0\u00bb0&Prime;]<p><b>Les tendances de voyage \u00e9voluent chaque ann\u00e9e, si vous \u00eates propri\u00e9taire d\u2019un meubl\u00e9 de tourisme, vous souhaitez certainement avoir un aper\u00e7u des r\u00e9sultats de l\u2019\u00e9t\u00e9 2025. Vous pourrez ainsi comparer vos performances par rapport \u00e0 celles des autres locations. Alors que le secteur de la restauration a connu une baisse de fr\u00e9quentation, la tendance du c\u00f4t\u00e9 de l\u2019h\u00e9bergement reste bien diff\u00e9rente. Cette ann\u00e9e, nous avons beaucoup entendu parler de la situation des restaurateurs, mais qu\u2019en est-il du march\u00e9 des locations Airbnb ? Nous allons faire un tour d\u2019horizon de cette question.\u00a0<\/b><\/p>[\/et_pb_text][et_pb_text _builder_version=\u00a0\u00bb4.27.4&Prime; _module_preset=\u00a0\u00bbdefault\u00a0\u00bb hover_enabled=\u00a0\u00bb0&Prime; global_colors_info=\u00a0\u00bb{}\u00a0\u00bb theme_builder_area=\u00a0\u00bbet_body_layout\u00a0\u00bb sticky_enabled=\u00a0\u00bb0&Prime;]<h2>Une saison 2025 globalement positive en France<\/h2>[\/et_pb_text][et_pb_text _builder_version=\u00a0\u00bb4.27.4&Prime; _module_preset=\u00a0\u00bbdefault\u00a0\u00bb hover_enabled=\u00a0\u00bb0&Prime; global_colors_info=\u00a0\u00bb{}\u00a0\u00bb theme_builder_area=\u00a0\u00bbet_body_layout\u00a0\u00bb sticky_enabled=\u00a0\u00bb0&Prime;]<p><span style=\"font-weight: 400;\">Selon une \u00e9tude r\u00e9alis\u00e9e par Popconnect, l\u2019\u00e9t\u00e9 2025 a \u00e9t\u00e9 une saison tout \u00e0 fait honorable pour les <\/span><b>professionnels de la location saisonni\u00e8re<\/b><span style=\"font-weight: 400;\">. Bien entendu, nous ne sommes pas revenus \u00e0 la croissance explosive des ann\u00e9es post-Covid. On enregistre n\u00e9anmoins une progression mod\u00e9r\u00e9e depuis l\u2019ann\u00e9e 2024.\u00a0<\/span><\/p>\n<p><span style=\"font-weight: 400;\">Malgr\u00e9, une m\u00e9t\u00e9o mitig\u00e9e et un contexte \u00e9conomique fragile, les <\/span><b>conciergeries Airbnb<\/b><span style=\"font-weight: 400;\"> tirent leur \u00e9pingle du jeu et ont obtenu de bonnes performances en ayant adopt\u00e9 des strat\u00e9gies adapt\u00e9es.\u00a0<\/span><\/p>\n<p><span style=\"font-weight: 400;\">Faisons \u00e0 pr\u00e9sent un bilan plus d\u00e9taill\u00e9 de l\u2019\u00e9t\u00e9 2025 compar\u00e9 \u00e0 la saison pr\u00e9c\u00e9dente. En France, le <\/span><b>taux d\u2019occupation<\/b><span style=\"font-weight: 400;\"> a progress\u00e9 de <\/span><b>2,4 %<\/b><span style=\"font-weight: 400;\">, tandis que le nombre <\/span><b>total de nuit\u00e9es r\u00e9serv\u00e9es<\/b><span style=\"font-weight: 400;\"> a augment\u00e9 de <\/span><b>2 %<\/b><span style=\"font-weight: 400;\">. Par ailleurs, les mois de mai, juin et septembre affichent une belle dynamique, avec une hausse de <\/span><b>4 %<\/b><span style=\"font-weight: 400;\"> du nombre de nuit\u00e9es r\u00e9serv\u00e9es.<\/span><\/p>\n<p><span style=\"font-weight: 400;\">D\u2019apr\u00e8s les donn\u00e9es de C\u00f4te d\u2019Azur France Tourisme, les <\/span><b>locations meubl\u00e9es<\/b><span style=\"font-weight: 400;\"> ont affich\u00e9 un taux d\u2019occupation moyen de <\/span><b>74 %<\/b><span style=\"font-weight: 400;\"> en juillet, puis de <\/span><b>88 %<\/b><span style=\"font-weight: 400;\"> sur les <\/span><b>10 premiers jours d\u2019ao\u00fbt<\/b><span style=\"font-weight: 400;\">. Ce qui repr\u00e9sente <\/span><b>1 %<\/b><span style=\"font-weight: 400;\"> de plus par rapport \u00e0 2024.\u00a0<\/span><\/p>[\/et_pb_text][et_pb_text _builder_version=\u00a0\u00bb4.27.4&Prime; _module_preset=\u00a0\u00bbdefault\u00a0\u00bb hover_enabled=\u00a0\u00bb0&Prime; global_colors_info=\u00a0\u00bb{}\u00a0\u00bb theme_builder_area=\u00a0\u00bbet_body_layout\u00a0\u00bb sticky_enabled=\u00a0\u00bb0&Prime;]<h2>L\u2019\u00e9volution des habitudes de r\u00e9servation pour cet \u00e9t\u00e9 2025<\/h2>[\/et_pb_text][et_pb_text _builder_version=\u00a0\u00bb4.27.4&Prime; _module_preset=\u00a0\u00bbdefault\u00a0\u00bb hover_enabled=\u00a0\u00bb0&Prime; global_colors_info=\u00a0\u00bb{}\u00a0\u00bb theme_builder_area=\u00a0\u00bbet_body_layout\u00a0\u00bb sticky_enabled=\u00a0\u00bb0&Prime;]<p><span style=\"font-weight: 400;\">Popconnect met en \u00e9vidence une double tendance, grande anticipation des s\u00e9jours ou r\u00e9servations \u00e0 la derni\u00e8re minute. Cet \u00e9t\u00e9 2025, pr\u00e8s de la moiti\u00e9 des voyageurs (<\/span><b>46 %<\/b><span style=\"font-weight: 400;\">) ont planifi\u00e9 leur voyage plus de <\/span><b>3 mois<\/b><span style=\"font-weight: 400;\"> \u00e0 l\u2019avance, tandis qu\u2019environ un quart ont attendu les <\/span><b>2 derni\u00e8res semaines<\/b><span style=\"font-weight: 400;\"> avant de r\u00e9server. Deux camps se distinguent chaque ann\u00e9e, les pr\u00e9voyants et les spontan\u00e9s qui recherchent les bonnes opportunit\u00e9s ainsi que la flexibilit\u00e9.\u00a0<\/span><\/p>\n<p><span style=\"font-weight: 400;\">D\u2019autre part, les courts s\u00e9jours repr\u00e9sentent <\/span><b>41 %<\/b><span style=\"font-weight: 400;\"> des r\u00e9servations avec une l\u00e9g\u00e8re diminution de <\/span><b>3 %<\/b><span style=\"font-weight: 400;\"> de la <\/span><b>dur\u00e9e moyenne des s\u00e9jours<\/b><span style=\"font-weight: 400;\">. Les vacanciers partent moins longtemps, mais plus souvent tout en multipliant les destinations. Plus pr\u00e9cis\u00e9ment, ils r\u00e9servent plusieurs h\u00e9bergements durant la m\u00eame p\u00e9riode.\u00a0<\/span><\/p>\n<p><span style=\"font-weight: 400;\">Les voyageurs arrivent de plus en plus en semaine, bien que plus de la moiti\u00e9 des s\u00e9jours (<\/span><b>55 %<\/b><span style=\"font-weight: 400;\">) d\u00e9butent encore le samedi ou le dimanche.\u00a0<\/span><\/p>\n<p><span style=\"font-weight: 400;\">Autre point \u00e0 mentionner, cet \u00e9t\u00e9 2025 le taux d\u2019annulation a augment\u00e9 de <\/span><b>2,7 %<\/b><span style=\"font-weight: 400;\"> en juillet et de <\/span><b>3,6 %<\/b><span style=\"font-weight: 400;\"> en ao\u00fbt par rapport \u00e0 la saison pr\u00e9c\u00e9dente. Ces chiffres d\u00e9montrent un engouement croissant pour des <\/span><b>conditions d\u2019annulation souples<\/b><span style=\"font-weight: 400;\">. Cependant, la situation est rest\u00e9e globalement positive puisque la majorit\u00e9 des h\u00e9bergements annul\u00e9s \u00e0 la derni\u00e8re minute ont trouv\u00e9 des nouveaux occupants rapidement.\u00a0<\/span><\/p>\n<p><span style=\"font-weight: 400;\">Les h\u00f4tes qui offrent des conditions plus flexibles profitent donc d\u2019un <\/span><b>taux de conversion<\/b><span style=\"font-weight: 400;\"> plus \u00e9lev\u00e9 et d\u2019une meilleure mise en avant sur les <\/span><b>plateformes de r\u00e9servation en ligne<\/b><span style=\"font-weight: 400;\">.\u00a0<\/span><\/p>[\/et_pb_text][et_pb_text _builder_version=\u00a0\u00bb4.27.4&Prime; _module_preset=\u00a0\u00bbdefault\u00a0\u00bb hover_enabled=\u00a0\u00bb0&Prime; global_colors_info=\u00a0\u00bb{}\u00a0\u00bb theme_builder_area=\u00a0\u00bbet_body_layout\u00a0\u00bb sticky_enabled=\u00a0\u00bb0&Prime;]<h2>Des r\u00e9sultats solides pour My Guest Relation<\/h2>[\/et_pb_text][et_pb_text _builder_version=\u00a0\u00bb4.27.4&Prime; _module_preset=\u00a0\u00bbdefault\u00a0\u00bb hover_enabled=\u00a0\u00bb0&Prime; global_colors_info=\u00a0\u00bb{}\u00a0\u00bb theme_builder_area=\u00a0\u00bbet_body_layout\u00a0\u00bb sticky_enabled=\u00a0\u00bb0&Prime;]<p><a href=\"https:\/\/myguestrelation.com\/\"><span style=\"font-weight: 400;\">Notre conciergerie Airbnb My Guest Relation<\/span><\/a><span style=\"font-weight: 400;\"> a su tirer parti de la dynamique positive du secteur en adoptant une strat\u00e9gie adapt\u00e9e au march\u00e9. Cet \u00e9t\u00e9, nous avons accueilli <\/span><b>8 569 voyageurs<\/b><span style=\"font-weight: 400;\"> et atteint un <\/span><b>taux d\u2019occupation<\/b><span style=\"font-weight: 400;\"> de <\/span><b>85 %<\/b><span style=\"font-weight: 400;\">, tout en veillant \u00e0 pr\u00e9server un niveau de service irr\u00e9prochable. Ce succ\u00e8s t\u00e9moigne de l\u2019efficacit\u00e9 de nos m\u00e9thodes pour optimiser la rentabilit\u00e9 des biens de nos propri\u00e9taires. Dans l\u2019ensemble, la saison estivale 2025 s\u2019est r\u00e9v\u00e9l\u00e9e positive, marqu\u00e9e \u00e0 la fois par une belle dynamique de croissance mod\u00e9r\u00e9e et une stabilit\u00e9 encourageante.<\/span><\/p>[\/et_pb_text][\/et_pb_column][\/et_pb_row][\/et_pb_section]\n","protected":false},"excerpt":{"rendered":"<p>Les tendances de voyage \u00e9voluent chaque ann\u00e9e, si vous \u00eates propri\u00e9taire d\u2019un meubl\u00e9 de tourisme, vous souhaitez certainement avoir un aper\u00e7u des r\u00e9sultats de l\u2019\u00e9t\u00e9 2025. Vous pourrez ainsi comparer vos performances par rapport \u00e0 celles des autres locations&#8230;<\/p>","protected":false},"author":1,"featured_media":5537,"comment_status":"open","ping_status":"open","sticky":false,"template":"","format":"standard","meta":{"_et_pb_use_builder":"on","_et_pb_old_content":"","_et_gb_content_width":"","_monsterinsights_skip_tracking":false,"_monsterinsights_sitenote_active":false,"_monsterinsights_sitenote_note":"","_monsterinsights_sitenote_category":0,"footnotes":""},"categories":[47],"tags":[],"class_list":["post-5534","post","type-post","status-publish","format-standard","has-post-thumbnail","hentry","category-actualite"],"yoast_head":"<!-- This site is optimized with the Yoast SEO plugin v27.5 - https:\/\/yoast.com\/product\/yoast-seo-wordpress\/ -->\n<title>Bilan de l\u2019\u00e9t\u00e9 2025 pour les locations saisonni\u00e8res<\/title>\n<meta name=\"description\" content=\"D\u00e9couvrez le bilan de l\u2019\u00e9t\u00e9 2025 pour les locations saisonni\u00e8res : tendances, chiffres cl\u00e9s et r\u00e9sultats...\" \/>\n<meta name=\"robots\" content=\"index, follow, max-snippet:-1, max-image-preview:large, max-video-preview:-1\" \/>\n<link rel=\"canonical\" href=\"https:\/\/myguestrelation.com\/en\/bilan-de-lete-2025-pour-les-locations-saisonnieres\/\" \/>\n<meta property=\"og:locale\" content=\"en_US\" \/>\n<meta property=\"og:type\" content=\"article\" \/>\n<meta property=\"og:title\" content=\"Bilan de l\u2019\u00e9t\u00e9 2025 pour les locations saisonni\u00e8res\" \/>\n<meta property=\"og:description\" content=\"D\u00e9couvrez le bilan de l\u2019\u00e9t\u00e9 2025 pour les locations saisonni\u00e8res : tendances, chiffres cl\u00e9s et r\u00e9sultats...\" \/>\n<meta property=\"og:url\" content=\"https:\/\/myguestrelation.com\/en\/bilan-de-lete-2025-pour-les-locations-saisonnieres\/\" \/>\n<meta property=\"og:site_name\" content=\"My Guest Relation\" \/>\n<meta property=\"article:publisher\" content=\"https:\/\/www.facebook.com\/GuestRelation06\/\" \/>\n<meta property=\"article:published_time\" content=\"2025-11-05T10:00:00+00:00\" \/>\n<meta property=\"og:image\" content=\"https:\/\/myguestrelation.com\/wp-content\/uploads\/2025\/10\/suite-clemenceau.jpg\" \/>\n\t<meta property=\"og:image:width\" content=\"1440\" \/>\n\t<meta property=\"og:image:height\" content=\"960\" \/>\n\t<meta property=\"og:image:type\" content=\"image\/jpeg\" \/>\n<meta name=\"author\" content=\"grbnb06\" \/>\n<meta name=\"twitter:card\" content=\"summary_large_image\" \/>\n<meta name=\"twitter:label1\" content=\"Written by\" \/>\n\t<meta name=\"twitter:data1\" content=\"grbnb06\" \/>\n\t<meta name=\"twitter:label2\" content=\"Est. reading time\" \/>\n\t<meta name=\"twitter:data2\" content=\"5 minutes\" \/>\n<script type=\"application\/ld+json\" class=\"yoast-schema-graph\">{\"@context\":\"https:\\\/\\\/schema.org\",\"@graph\":[{\"@type\":\"Article\",\"@id\":\"https:\\\/\\\/myguestrelation.com\\\/bilan-de-lete-2025-pour-les-locations-saisonnieres\\\/#article\",\"isPartOf\":{\"@id\":\"https:\\\/\\\/myguestrelation.com\\\/bilan-de-lete-2025-pour-les-locations-saisonnieres\\\/\"},\"author\":{\"name\":\"grbnb06\",\"@id\":\"https:\\\/\\\/myguestrelation.com\\\/#\\\/schema\\\/person\\\/14580a9dc3426e0a473e71bc1962c799\"},\"headline\":\"Bilan de l\u2019\u00e9t\u00e9 2025 pour les locations saisonni\u00e8res\",\"datePublished\":\"2025-11-05T10:00:00+00:00\",\"mainEntityOfPage\":{\"@id\":\"https:\\\/\\\/myguestrelation.com\\\/bilan-de-lete-2025-pour-les-locations-saisonnieres\\\/\"},\"wordCount\":1081,\"commentCount\":0,\"publisher\":{\"@id\":\"https:\\\/\\\/myguestrelation.com\\\/#organization\"},\"image\":{\"@id\":\"https:\\\/\\\/myguestrelation.com\\\/bilan-de-lete-2025-pour-les-locations-saisonnieres\\\/#primaryimage\"},\"thumbnailUrl\":\"https:\\\/\\\/myguestrelation.com\\\/wp-content\\\/uploads\\\/2025\\\/10\\\/suite-clemenceau.jpg\",\"articleSection\":[\"Actualit\u00e9\"],\"inLanguage\":\"en-US\",\"potentialAction\":[{\"@type\":\"CommentAction\",\"name\":\"Comment\",\"target\":[\"https:\\\/\\\/myguestrelation.com\\\/bilan-de-lete-2025-pour-les-locations-saisonnieres\\\/#respond\"]}]},{\"@type\":\"WebPage\",\"@id\":\"https:\\\/\\\/myguestrelation.com\\\/bilan-de-lete-2025-pour-les-locations-saisonnieres\\\/\",\"url\":\"https:\\\/\\\/myguestrelation.com\\\/bilan-de-lete-2025-pour-les-locations-saisonnieres\\\/\",\"name\":\"Bilan de l\u2019\u00e9t\u00e9 2025 pour les locations saisonni\u00e8res\",\"isPartOf\":{\"@id\":\"https:\\\/\\\/myguestrelation.com\\\/#website\"},\"primaryImageOfPage\":{\"@id\":\"https:\\\/\\\/myguestrelation.com\\\/bilan-de-lete-2025-pour-les-locations-saisonnieres\\\/#primaryimage\"},\"image\":{\"@id\":\"https:\\\/\\\/myguestrelation.com\\\/bilan-de-lete-2025-pour-les-locations-saisonnieres\\\/#primaryimage\"},\"thumbnailUrl\":\"https:\\\/\\\/myguestrelation.com\\\/wp-content\\\/uploads\\\/2025\\\/10\\\/suite-clemenceau.jpg\",\"datePublished\":\"2025-11-05T10:00:00+00:00\",\"description\":\"D\u00e9couvrez le bilan de l\u2019\u00e9t\u00e9 2025 pour les locations saisonni\u00e8res : tendances, chiffres cl\u00e9s et r\u00e9sultats...\",\"breadcrumb\":{\"@id\":\"https:\\\/\\\/myguestrelation.com\\\/bilan-de-lete-2025-pour-les-locations-saisonnieres\\\/#breadcrumb\"},\"inLanguage\":\"en-US\",\"potentialAction\":[{\"@type\":\"ReadAction\",\"target\":[\"https:\\\/\\\/myguestrelation.com\\\/bilan-de-lete-2025-pour-les-locations-saisonnieres\\\/\"]}]},{\"@type\":\"ImageObject\",\"inLanguage\":\"en-US\",\"@id\":\"https:\\\/\\\/myguestrelation.com\\\/bilan-de-lete-2025-pour-les-locations-saisonnieres\\\/#primaryimage\",\"url\":\"https:\\\/\\\/myguestrelation.com\\\/wp-content\\\/uploads\\\/2025\\\/10\\\/suite-clemenceau.jpg\",\"contentUrl\":\"https:\\\/\\\/myguestrelation.com\\\/wp-content\\\/uploads\\\/2025\\\/10\\\/suite-clemenceau.jpg\",\"width\":1440,\"height\":960,\"caption\":\"Un logement mis en location saisonni\u00e8re cet \u00e9t\u00e9 2025\"},{\"@type\":\"BreadcrumbList\",\"@id\":\"https:\\\/\\\/myguestrelation.com\\\/bilan-de-lete-2025-pour-les-locations-saisonnieres\\\/#breadcrumb\",\"itemListElement\":[{\"@type\":\"ListItem\",\"position\":1,\"name\":\"Accueil\",\"item\":\"https:\\\/\\\/myguestrelation.com\\\/\"},{\"@type\":\"ListItem\",\"position\":2,\"name\":\"Bilan de l\u2019\u00e9t\u00e9 2025 pour les locations saisonni\u00e8res\"}]},{\"@type\":\"WebSite\",\"@id\":\"https:\\\/\\\/myguestrelation.com\\\/#website\",\"url\":\"https:\\\/\\\/myguestrelation.com\\\/\",\"name\":\"My Guest Relation\",\"description\":\"\",\"publisher\":{\"@id\":\"https:\\\/\\\/myguestrelation.com\\\/#organization\"},\"potentialAction\":[{\"@type\":\"SearchAction\",\"target\":{\"@type\":\"EntryPoint\",\"urlTemplate\":\"https:\\\/\\\/myguestrelation.com\\\/?s={search_term_string}\"},\"query-input\":{\"@type\":\"PropertyValueSpecification\",\"valueRequired\":true,\"valueName\":\"search_term_string\"}}],\"inLanguage\":\"en-US\"},{\"@type\":\"Organization\",\"@id\":\"https:\\\/\\\/myguestrelation.com\\\/#organization\",\"name\":\"My Guest Relation\",\"url\":\"https:\\\/\\\/myguestrelation.com\\\/\",\"logo\":{\"@type\":\"ImageObject\",\"inLanguage\":\"en-US\",\"@id\":\"https:\\\/\\\/myguestrelation.com\\\/#\\\/schema\\\/logo\\\/image\\\/\",\"url\":\"https:\\\/\\\/myguestrelation.com\\\/wp-content\\\/uploads\\\/2020\\\/01\\\/Logo-final-petit_Guest-Relation.png\",\"contentUrl\":\"https:\\\/\\\/myguestrelation.com\\\/wp-content\\\/uploads\\\/2020\\\/01\\\/Logo-final-petit_Guest-Relation.png\",\"width\":425,\"height\":510,\"caption\":\"My Guest Relation\"},\"image\":{\"@id\":\"https:\\\/\\\/myguestrelation.com\\\/#\\\/schema\\\/logo\\\/image\\\/\"},\"sameAs\":[\"https:\\\/\\\/www.facebook.com\\\/GuestRelation06\\\/\"]},{\"@type\":\"Person\",\"@id\":\"https:\\\/\\\/myguestrelation.com\\\/#\\\/schema\\\/person\\\/14580a9dc3426e0a473e71bc1962c799\",\"name\":\"grbnb06\",\"image\":{\"@type\":\"ImageObject\",\"inLanguage\":\"en-US\",\"@id\":\"https:\\\/\\\/secure.gravatar.com\\\/avatar\\\/d9ed6b03dde9a59db61b08d682c9fd139e0324cafbc668dbef60a97129dd3266?s=96&d=mm&r=g\",\"url\":\"https:\\\/\\\/secure.gravatar.com\\\/avatar\\\/d9ed6b03dde9a59db61b08d682c9fd139e0324cafbc668dbef60a97129dd3266?s=96&d=mm&r=g\",\"contentUrl\":\"https:\\\/\\\/secure.gravatar.com\\\/avatar\\\/d9ed6b03dde9a59db61b08d682c9fd139e0324cafbc668dbef60a97129dd3266?s=96&d=mm&r=g\",\"caption\":\"grbnb06\"}}]}<\/script>\n<!-- \/ Yoast SEO plugin. -->","yoast_head_json":{"title":"Bilan de l\u2019\u00e9t\u00e9 2025 pour les locations saisonni\u00e8res","description":"D\u00e9couvrez le bilan de l\u2019\u00e9t\u00e9 2025 pour les locations saisonni\u00e8res : tendances, chiffres cl\u00e9s et r\u00e9sultats...","robots":{"index":"index","follow":"follow","max-snippet":"max-snippet:-1","max-image-preview":"max-image-preview:large","max-video-preview":"max-video-preview:-1"},"canonical":"https:\/\/myguestrelation.com\/en\/bilan-de-lete-2025-pour-les-locations-saisonnieres\/","og_locale":"en_US","og_type":"article","og_title":"Bilan de l\u2019\u00e9t\u00e9 2025 pour les locations saisonni\u00e8res","og_description":"D\u00e9couvrez le bilan de l\u2019\u00e9t\u00e9 2025 pour les locations saisonni\u00e8res : tendances, chiffres cl\u00e9s et r\u00e9sultats...","og_url":"https:\/\/myguestrelation.com\/en\/bilan-de-lete-2025-pour-les-locations-saisonnieres\/","og_site_name":"My Guest Relation","article_publisher":"https:\/\/www.facebook.com\/GuestRelation06\/","article_published_time":"2025-11-05T10:00:00+00:00","og_image":[{"width":1440,"height":960,"url":"https:\/\/myguestrelation.com\/wp-content\/uploads\/2025\/10\/suite-clemenceau.jpg","type":"image\/jpeg"}],"author":"grbnb06","twitter_card":"summary_large_image","twitter_misc":{"Written by":"grbnb06","Est. reading time":"5 minutes"},"schema":{"@context":"https:\/\/schema.org","@graph":[{"@type":"Article","@id":"https:\/\/myguestrelation.com\/bilan-de-lete-2025-pour-les-locations-saisonnieres\/#article","isPartOf":{"@id":"https:\/\/myguestrelation.com\/bilan-de-lete-2025-pour-les-locations-saisonnieres\/"},"author":{"name":"grbnb06","@id":"https:\/\/myguestrelation.com\/#\/schema\/person\/14580a9dc3426e0a473e71bc1962c799"},"headline":"Bilan de l\u2019\u00e9t\u00e9 2025 pour les locations saisonni\u00e8res","datePublished":"2025-11-05T10:00:00+00:00","mainEntityOfPage":{"@id":"https:\/\/myguestrelation.com\/bilan-de-lete-2025-pour-les-locations-saisonnieres\/"},"wordCount":1081,"commentCount":0,"publisher":{"@id":"https:\/\/myguestrelation.com\/#organization"},"image":{"@id":"https:\/\/myguestrelation.com\/bilan-de-lete-2025-pour-les-locations-saisonnieres\/#primaryimage"},"thumbnailUrl":"https:\/\/myguestrelation.com\/wp-content\/uploads\/2025\/10\/suite-clemenceau.jpg","articleSection":["Actualit\u00e9"],"inLanguage":"en-US","potentialAction":[{"@type":"CommentAction","name":"Comment","target":["https:\/\/myguestrelation.com\/bilan-de-lete-2025-pour-les-locations-saisonnieres\/#respond"]}]},{"@type":"WebPage","@id":"https:\/\/myguestrelation.com\/bilan-de-lete-2025-pour-les-locations-saisonnieres\/","url":"https:\/\/myguestrelation.com\/bilan-de-lete-2025-pour-les-locations-saisonnieres\/","name":"Bilan de l\u2019\u00e9t\u00e9 2025 pour les locations saisonni\u00e8res","isPartOf":{"@id":"https:\/\/myguestrelation.com\/#website"},"primaryImageOfPage":{"@id":"https:\/\/myguestrelation.com\/bilan-de-lete-2025-pour-les-locations-saisonnieres\/#primaryimage"},"image":{"@id":"https:\/\/myguestrelation.com\/bilan-de-lete-2025-pour-les-locations-saisonnieres\/#primaryimage"},"thumbnailUrl":"https:\/\/myguestrelation.com\/wp-content\/uploads\/2025\/10\/suite-clemenceau.jpg","datePublished":"2025-11-05T10:00:00+00:00","description":"D\u00e9couvrez le bilan de l\u2019\u00e9t\u00e9 2025 pour les locations saisonni\u00e8res : tendances, chiffres cl\u00e9s et r\u00e9sultats...","breadcrumb":{"@id":"https:\/\/myguestrelation.com\/bilan-de-lete-2025-pour-les-locations-saisonnieres\/#breadcrumb"},"inLanguage":"en-US","potentialAction":[{"@type":"ReadAction","target":["https:\/\/myguestrelation.com\/bilan-de-lete-2025-pour-les-locations-saisonnieres\/"]}]},{"@type":"ImageObject","inLanguage":"en-US","@id":"https:\/\/myguestrelation.com\/bilan-de-lete-2025-pour-les-locations-saisonnieres\/#primaryimage","url":"https:\/\/myguestrelation.com\/wp-content\/uploads\/2025\/10\/suite-clemenceau.jpg","contentUrl":"https:\/\/myguestrelation.com\/wp-content\/uploads\/2025\/10\/suite-clemenceau.jpg","width":1440,"height":960,"caption":"Un logement mis en location saisonni\u00e8re cet \u00e9t\u00e9 2025"},{"@type":"BreadcrumbList","@id":"https:\/\/myguestrelation.com\/bilan-de-lete-2025-pour-les-locations-saisonnieres\/#breadcrumb","itemListElement":[{"@type":"ListItem","position":1,"name":"Accueil","item":"https:\/\/myguestrelation.com\/"},{"@type":"ListItem","position":2,"name":"Bilan de l\u2019\u00e9t\u00e9 2025 pour les locations saisonni\u00e8res"}]},{"@type":"WebSite","@id":"https:\/\/myguestrelation.com\/#website","url":"https:\/\/myguestrelation.com\/","name":"My Guest Relation","description":"","publisher":{"@id":"https:\/\/myguestrelation.com\/#organization"},"potentialAction":[{"@type":"SearchAction","target":{"@type":"EntryPoint","urlTemplate":"https:\/\/myguestrelation.com\/?s={search_term_string}"},"query-input":{"@type":"PropertyValueSpecification","valueRequired":true,"valueName":"search_term_string"}}],"inLanguage":"en-US"},{"@type":"Organization","@id":"https:\/\/myguestrelation.com\/#organization","name":"My Guest Relation","url":"https:\/\/myguestrelation.com\/","logo":{"@type":"ImageObject","inLanguage":"en-US","@id":"https:\/\/myguestrelation.com\/#\/schema\/logo\/image\/","url":"https:\/\/myguestrelation.com\/wp-content\/uploads\/2020\/01\/Logo-final-petit_Guest-Relation.png","contentUrl":"https:\/\/myguestrelation.com\/wp-content\/uploads\/2020\/01\/Logo-final-petit_Guest-Relation.png","width":425,"height":510,"caption":"My Guest Relation"},"image":{"@id":"https:\/\/myguestrelation.com\/#\/schema\/logo\/image\/"},"sameAs":["https:\/\/www.facebook.com\/GuestRelation06\/"]},{"@type":"Person","@id":"https:\/\/myguestrelation.com\/#\/schema\/person\/14580a9dc3426e0a473e71bc1962c799","name":"grbnb06","image":{"@type":"ImageObject","inLanguage":"en-US","@id":"https:\/\/secure.gravatar.com\/avatar\/d9ed6b03dde9a59db61b08d682c9fd139e0324cafbc668dbef60a97129dd3266?s=96&d=mm&r=g","url":"https:\/\/secure.gravatar.com\/avatar\/d9ed6b03dde9a59db61b08d682c9fd139e0324cafbc668dbef60a97129dd3266?s=96&d=mm&r=g","contentUrl":"https:\/\/secure.gravatar.com\/avatar\/d9ed6b03dde9a59db61b08d682c9fd139e0324cafbc668dbef60a97129dd3266?s=96&d=mm&r=g","caption":"grbnb06"}}]}},"_links":{"self":[{"href":"https:\/\/myguestrelation.com\/en\/wp-json\/wp\/v2\/posts\/5534","targetHints":{"allow":["GET"]}}],"collection":[{"href":"https:\/\/myguestrelation.com\/en\/wp-json\/wp\/v2\/posts"}],"about":[{"href":"https:\/\/myguestrelation.com\/en\/wp-json\/wp\/v2\/types\/post"}],"author":[{"embeddable":true,"href":"https:\/\/myguestrelation.com\/en\/wp-json\/wp\/v2\/users\/1"}],"replies":[{"embeddable":true,"href":"https:\/\/myguestrelation.com\/en\/wp-json\/wp\/v2\/comments?post=5534"}],"version-history":[{"count":3,"href":"https:\/\/myguestrelation.com\/en\/wp-json\/wp\/v2\/posts\/5534\/revisions"}],"predecessor-version":[{"id":5539,"href":"https:\/\/myguestrelation.com\/en\/wp-json\/wp\/v2\/posts\/5534\/revisions\/5539"}],"wp:featuredmedia":[{"embeddable":true,"href":"https:\/\/myguestrelation.com\/en\/wp-json\/wp\/v2\/media\/5537"}],"wp:attachment":[{"href":"https:\/\/myguestrelation.com\/en\/wp-json\/wp\/v2\/media?parent=5534"}],"wp:term":[{"taxonomy":"category","embeddable":true,"href":"https:\/\/myguestrelation.com\/en\/wp-json\/wp\/v2\/categories?post=5534"},{"taxonomy":"post_tag","embeddable":true,"href":"https:\/\/myguestrelation.com\/en\/wp-json\/wp\/v2\/tags?post=5534"}],"curies":[{"name":"wp","href":"https:\/\/api.w.org\/{rel}","templated":true}]}}