{"id":5618,"date":"2026-02-25T14:02:17","date_gmt":"2026-02-25T14:02:17","guid":{"rendered":"https:\/\/myguestrelation.com\/?p=5618"},"modified":"2026-02-25T14:02:18","modified_gmt":"2026-02-25T14:02:18","slug":"carnaval-de-nice-2026-et-locations-saisonnieres","status":"publish","type":"post","link":"https:\/\/myguestrelation.com\/en\/carnaval-de-nice-2026-et-locations-saisonnieres\/","title":{"rendered":"Carnaval de Nice 2026 et locations saisonni\u00e8res"},"content":{"rendered":"\n[et_pb_section fb_built=\u00a0\u00bb1&Prime; _builder_version=\u00a0\u00bb4.20.0&Prime; _module_preset=\u00a0\u00bbdefault\u00a0\u00bb custom_margin=\u00a0\u00bb-31px|||||\u00a0\u00bb custom_padding=\u00a0\u00bb0px||0px|||\u00a0\u00bb global_colors_info=\u00a0\u00bb{}\u00a0\u00bb theme_builder_area=\u00a0\u00bbet_body_layout\u00a0\u00bb][et_pb_row _builder_version=\u00a0\u00bb4.27.4&Prime; _module_preset=\u00a0\u00bbdefault\u00a0\u00bb width_tablet=\u00a0\u00bb\u00a0\u00bb width_phone=\u00a0\u00bb88%\u00a0\u00bb width_last_edited=\u00a0\u00bbon|phone\u00a0\u00bb max_width=\u00a0\u00bb1266px\u00a0\u00bb min_height=\u00a0\u00bb2242.9px\u00a0\u00bb custom_margin=\u00a0\u00bb0px||||false|false\u00a0\u00bb custom_margin_tablet=\u00a0\u00bb0px||||false|false\u00a0\u00bb custom_margin_phone=\u00a0\u00bb|||18px|false|false\u00a0\u00bb custom_margin_last_edited=\u00a0\u00bbon|phone\u00a0\u00bb custom_padding=\u00a0\u00bb0px||||false|false\u00a0\u00bb global_colors_info=\u00a0\u00bb{}\u00a0\u00bb theme_builder_area=\u00a0\u00bbet_body_layout\u00a0\u00bb][et_pb_column type=\u00a0\u00bb4_4&Prime; _builder_version=\u00a0\u00bb4.20.0&Prime; _module_preset=\u00a0\u00bbdefault\u00a0\u00bb global_colors_info=\u00a0\u00bb{}\u00a0\u00bb theme_builder_area=\u00a0\u00bbet_body_layout\u00a0\u00bb][et_pb_image src=\u00a0\u00bbhttps:\/\/myguestrelation.com\/wp-content\/uploads\/2026\/02\/carnaval-et-location.jpg\u00a0\u00bb alt=\u00a0\u00bbLa tarification dynamique, un \u00e9l\u00e9ment important pour optimiser la strat\u00e9gie de commercialisation d&rsquo;un logement Airbnb\u00a0\u00bb title_text=\u00a0\u00bbcarnaval-et-location\u00a0\u00bb disabled_on=\u00a0\u00bboff|off|off\u00a0\u00bb _builder_version=\u00a0\u00bb4.27.5&Prime; _module_preset=\u00a0\u00bbdefault\u00a0\u00bb width=\u00a0\u00bb80%\u00a0\u00bb hover_enabled=\u00a0\u00bb0&Prime; global_colors_info=\u00a0\u00bb{}\u00a0\u00bb theme_builder_area=\u00a0\u00bbet_body_layout\u00a0\u00bb sticky_enabled=\u00a0\u00bb0&Prime;][\/et_pb_image][et_pb_text _builder_version=\u00a0\u00bb4.27.5&Prime; _module_preset=\u00a0\u00bbdefault\u00a0\u00bb hover_enabled=\u00a0\u00bb0&Prime; global_colors_info=\u00a0\u00bb{}\u00a0\u00bb theme_builder_area=\u00a0\u00bbet_body_layout\u00a0\u00bb sticky_enabled=\u00a0\u00bb0&Prime;]<h1>Carnaval de Nice 2026 : un levier incontournable pour les locations saisonni\u00e8res<\/h1>[\/et_pb_text][et_pb_divider divider_weight=\u00a0\u00bb2px\u00a0\u00bb _builder_version=\u00a0\u00bb4.20.0&Prime; _module_preset=\u00a0\u00bbdefault\u00a0\u00bb width=\u00a0\u00bb25%\u00a0\u00bb global_colors_info=\u00a0\u00bb{}\u00a0\u00bb theme_builder_area=\u00a0\u00bbet_body_layout\u00a0\u00bb][\/et_pb_divider][et_pb_text _builder_version=\u00a0\u00bb4.27.5&Prime; _module_preset=\u00a0\u00bbdefault\u00a0\u00bb text_text_color=\u00a0\u00bb#393c40&Prime; hover_enabled=\u00a0\u00bb0&Prime; global_colors_info=\u00a0\u00bb{}\u00a0\u00bb theme_builder_area=\u00a0\u00bbet_body_layout\u00a0\u00bb sticky_enabled=\u00a0\u00bb0&Prime;]<p><b>Certains \u00e9v\u00e9nements sur la C\u00f4te d\u2019Azur attirent de nombreux visiteurs venus du monde entier pour le plus grand bonheur des propri\u00e9taires de locations saisonni\u00e8res. Pendant l\u2019hiver, la fr\u00e9quentation touristique diminue sur le littoral des Alpes-Maritimes, mais le Carnaval de Nice donne un v\u00e9ritable coup de boost au secteur de l\u2019h\u00e9bergement. Chaque ann\u00e9e, il rassemble un public de tout \u00e2ge, dans une ambiance festive et color\u00e9e. La ville s\u2019anime, les chars d\u00e9filent accompagn\u00e9s de com\u00e9diens costum\u00e9s et de groupes musicaux ! <\/b><\/p>[\/et_pb_text][et_pb_text _builder_version=\u00a0\u00bb4.27.5&Prime; _module_preset=\u00a0\u00bbdefault\u00a0\u00bb hover_enabled=\u00a0\u00bb0&Prime; global_colors_info=\u00a0\u00bb{}\u00a0\u00bb theme_builder_area=\u00a0\u00bbet_body_layout\u00a0\u00bb sticky_enabled=\u00a0\u00bb0&Prime;]<h2>Un \u00e9v\u00e9nement mondial aux fortes retomb\u00e9es \u00e9conomiques<\/h2>[\/et_pb_text][et_pb_text _builder_version=\u00a0\u00bb4.27.5&Prime; _module_preset=\u00a0\u00bbdefault\u00a0\u00bb hover_enabled=\u00a0\u00bb0&Prime; global_colors_info=\u00a0\u00bb{}\u00a0\u00bb theme_builder_area=\u00a0\u00bbet_body_layout\u00a0\u00bb sticky_enabled=\u00a0\u00bb0&Prime;]<p><span style=\"font-weight: 400;\">Cette ann\u00e9e, le Carnaval de Nice se d\u00e9roule <\/span><b>du 11 f\u00e9vrier au 1er mars 2026<\/b><span style=\"font-weight: 400;\"> sur le th\u00e8me \u201cVive la Reine\u201d. Une orientation marquante, puisque pour la premi\u00e8re fois depuis plusieurs d\u00e9cennies, l\u2019\u00e9v\u00e9nement consacre son univers artistique \u00e0 la f\u00e9minit\u00e9 et aux grandes h\u00e9ro\u00efnes, r\u00e9elles ou fictives, qui ont marqu\u00e9 les \u00e9poques.<\/span><\/p>\n<p><span style=\"font-weight: 400;\">Il faut savoir que le Carnaval de Nice est le troisi\u00e8me plus grand au monde apr\u00e8s celui de Rio et Venise, pour cette 152e \u00e9dition <\/span><b>400 000 visiteurs<\/b><span style=\"font-weight: 400;\"> sont attendus ! Selon le directeur de l\u2019office de tourisme m\u00e9tropolitain Nice C\u00f4te d\u2019Azur, le Carnaval g\u00e9n\u00e8re <\/span><b>35 millions d\u2019euros<\/b><span style=\"font-weight: 400;\"> de retomb\u00e9es \u00e9conomiques pour les secteurs de l\u2019h\u00f4tellerie, du commerce et de la restauration. Le <\/span><b>taux d\u2019occupation <\/b><span style=\"font-weight: 400;\">des h\u00f4tels et des meubl\u00e9s de tourisme grimpe significativement entre f\u00e9vrier et mars, durant le Carnaval.\u00a0<\/span><\/p>[\/et_pb_text][et_pb_text _builder_version=\u00a0\u00bb4.27.5&Prime; _module_preset=\u00a0\u00bbdefault\u00a0\u00bb hover_enabled=\u00a0\u00bb0&Prime; global_colors_info=\u00a0\u00bb{}\u00a0\u00bb theme_builder_area=\u00a0\u00bbet_body_layout\u00a0\u00bb sticky_enabled=\u00a0\u00bb0&Prime;]<h2>Les meilleurs quartiers pour vivre le Carnaval de Nice<\/h2>[\/et_pb_text][et_pb_text _builder_version=\u00a0\u00bb4.27.5&Prime; _module_preset=\u00a0\u00bbdefault\u00a0\u00bb hover_enabled=\u00a0\u00bb0&Prime; global_colors_info=\u00a0\u00bb{}\u00a0\u00bb theme_builder_area=\u00a0\u00bbet_body_layout\u00a0\u00bb sticky_enabled=\u00a0\u00bb0&Prime;]<p><span style=\"font-weight: 400;\">Les voyageurs venus d\u2019ailleurs qui souhaitent profiter des festivit\u00e9s sont plus susceptibles d\u2019\u00eatre int\u00e9ress\u00e9 par une <\/span><b>location de vacances<\/b><span style=\"font-weight: 400;\"> situ\u00e9e \u00e0 un emplacement strat\u00e9gique. Voici les quartiers particuli\u00e8rement appr\u00e9ci\u00e9s pour s\u00e9journer pendant le Carnaval de Nice :\u00a0<\/span><\/p>\n<p><span style=\"font-weight: 400;\"><\/span><\/p>\n<ul>\n<li style=\"font-weight: 400;\" aria-level=\"1\"><b>Le Vieux-Nice<\/b><span style=\"font-weight: 400;\"> : le c\u0153ur historique de la ville est un quartier tr\u00e8s anim\u00e9 \u00e0 l\u2019ambiance conviviale, un lieu incontournable \u00e0 visiter lors d\u2019un s\u00e9jour sur la C\u00f4te d\u2019Azur. \u00c0 proximit\u00e9 de la place Mass\u00e9na et de la Promenade des Anglais, il permet de rejoindre facilement les principales parades et animations. Ses ruelles aux fa\u00e7ades color\u00e9es ne manquent pas de charme et regorgent de restaurants et de commerces.\u00a0<\/span><\/li>\n<li style=\"font-weight: 400;\" aria-level=\"1\"><b>Le Carr\u00e9 d\u2019Or<\/b><span style=\"font-weight: 400;\"> : \u00e0 la fois chic et vivant, ce quartier s\u00e9duit les voyageurs en qu\u00eate de confort et de proximit\u00e9 imm\u00e9diate avec les \u00e9v\u00e9nements du Carnaval de Nice. \u00c0 deux pas de la mer et des principales animations, il s\u00e9duit par ses belles fa\u00e7ades, ses adresses gourmandes et son atmosph\u00e8re \u00e9l\u00e9gante.<\/span><\/li>\n<li style=\"font-weight: 400;\" aria-level=\"1\"><b>Le quartier des Musiciens <\/b><span style=\"font-weight: 400;\">: reconnaissable par son architecture Belle \u00c9poque, il offre un environnement plus r\u00e9sidentiel tout en restant proche du centre. Situ\u00e9 \u00e0 quelques minutes \u00e0 pied de la gare et de la Promenade des Anglais, il permet de rejoindre facilement les festivit\u00e9s tout en profitant d\u2019un cadre plus calme apr\u00e8s l\u2019effervescence des d\u00e9fil\u00e9s.<\/span><\/li>\n<li style=\"font-weight: 400;\" aria-level=\"1\"><b>Le quartier du Port<\/b> : situ\u00e9 \u00e0 l\u2019est du centre historique, il s\u00e9duit par son atmosph\u00e8re dynamique et son esprit m\u00e9diterran\u00e9en. Il permet de rejoindre rapidement les animations tout en profitant d\u2019un environnement anim\u00e9 et agr\u00e9able.<\/li>\n<\/ul>[\/et_pb_text][et_pb_text _builder_version=\u00a0\u00bb4.27.5&Prime; _module_preset=\u00a0\u00bbdefault\u00a0\u00bb hover_enabled=\u00a0\u00bb0&Prime; global_colors_info=\u00a0\u00bb{}\u00a0\u00bb theme_builder_area=\u00a0\u00bbet_body_layout\u00a0\u00bb sticky_enabled=\u00a0\u00bb0&Prime;]<h2>Faire face \u00e0 la forte demande en toute s\u00e9r\u00e9nit\u00e9<\/h2>[\/et_pb_text][et_pb_text _builder_version=\u00a0\u00bb4.27.5&Prime; _module_preset=\u00a0\u00bbdefault\u00a0\u00bb hover_enabled=\u00a0\u00bb0&Prime; global_colors_info=\u00a0\u00bb{}\u00a0\u00bb theme_builder_area=\u00a0\u00bbet_body_layout\u00a0\u00bb sticky_enabled=\u00a0\u00bb0&Prime;]<p><span style=\"font-weight: 400;\">Pendant le Carnaval de Nice, le rythme s\u2019intensifie pour les propri\u00e9taires qui g\u00e8rent eux-m\u00eames leur<b> location saisonni\u00e8re<\/b> et ce n\u2019est pas toujours facile de le suivre. Une <b>conciergerie Airbnb<\/b> telle que My Guest Relation peut prendre en charge toute la gestion de votre bien pour que vous puissiez vous concentrer sur l\u2019essentiel. Notre \u00e9quipe s\u2019occupe de la communication avec les voyageurs ainsi que de l\u2019ajustement des prix en fonction de la saisonnalit\u00e9. <a href=\"https:\/\/myguestrelation.com\/services\/\">D\u00e9couvrez d\u00e8s maintenant tous nos services<\/a>. <\/span><\/p>[\/et_pb_text][\/et_pb_column][\/et_pb_row][\/et_pb_section]\n","protected":false},"excerpt":{"rendered":"<p>Certains \u00e9v\u00e9nements sur la C\u00f4te d\u2019Azur attirent de nombreux visiteurs venus du monde entier pour le plus grand bonheur des propri\u00e9taires de locations saisonni\u00e8res. Pendant l\u2019hiver, la fr\u00e9quentation touristique diminue sur le littoral des Alpes-Maritimes, mais le Carnaval de Nice donne un v\u00e9ritable coup de boost au secteur de l\u2019h\u00e9bergement&#8230;<\/p>","protected":false},"author":1,"featured_media":5621,"comment_status":"open","ping_status":"open","sticky":false,"template":"","format":"standard","meta":{"_et_pb_use_builder":"on","_et_pb_old_content":"","_et_gb_content_width":"","_monsterinsights_skip_tracking":false,"_monsterinsights_sitenote_active":false,"_monsterinsights_sitenote_note":"","_monsterinsights_sitenote_category":0,"footnotes":""},"categories":[47],"tags":[],"class_list":["post-5618","post","type-post","status-publish","format-standard","has-post-thumbnail","hentry","category-actualite"],"yoast_head":"<!-- This site is optimized with the Yoast SEO plugin v27.5 - https:\/\/yoast.com\/product\/yoast-seo-wordpress\/ -->\n<title>Carnaval de Nice 2026 et locations saisonni\u00e8res<\/title>\n<meta name=\"description\" content=\"Le Carnaval de Nice booste la demande en locations saisonni\u00e8res et dynamise l\u2019\u00e9conomie locale. En savoir plus.\" \/>\n<meta name=\"robots\" content=\"index, follow, max-snippet:-1, max-image-preview:large, max-video-preview:-1\" \/>\n<link rel=\"canonical\" href=\"https:\/\/myguestrelation.com\/en\/carnaval-de-nice-2026-et-locations-saisonnieres\/\" \/>\n<meta property=\"og:locale\" content=\"en_US\" \/>\n<meta property=\"og:type\" content=\"article\" \/>\n<meta property=\"og:title\" content=\"Carnaval de Nice 2026 et locations saisonni\u00e8res\" \/>\n<meta property=\"og:description\" content=\"Le Carnaval de Nice booste la demande en locations saisonni\u00e8res et dynamise l\u2019\u00e9conomie locale. En savoir plus.\" \/>\n<meta property=\"og:url\" content=\"https:\/\/myguestrelation.com\/en\/carnaval-de-nice-2026-et-locations-saisonnieres\/\" \/>\n<meta property=\"og:site_name\" content=\"My Guest Relation\" \/>\n<meta property=\"article:publisher\" content=\"https:\/\/www.facebook.com\/GuestRelation06\/\" \/>\n<meta property=\"article:published_time\" content=\"2026-02-25T14:02:17+00:00\" \/>\n<meta property=\"article:modified_time\" content=\"2026-02-25T14:02:18+00:00\" \/>\n<meta property=\"og:image\" content=\"https:\/\/myguestrelation.com\/wp-content\/uploads\/2026\/02\/carnaval-et-location.jpg\" \/>\n\t<meta property=\"og:image:width\" content=\"1440\" \/>\n\t<meta property=\"og:image:height\" content=\"960\" \/>\n\t<meta property=\"og:image:type\" content=\"image\/jpeg\" \/>\n<meta name=\"author\" content=\"grbnb06\" \/>\n<meta name=\"twitter:card\" content=\"summary_large_image\" \/>\n<meta name=\"twitter:label1\" content=\"Written by\" \/>\n\t<meta name=\"twitter:data1\" content=\"grbnb06\" \/>\n\t<meta name=\"twitter:label2\" content=\"Est. reading time\" \/>\n\t<meta name=\"twitter:data2\" content=\"5 minutes\" \/>\n<script type=\"application\/ld+json\" class=\"yoast-schema-graph\">{\"@context\":\"https:\\\/\\\/schema.org\",\"@graph\":[{\"@type\":\"Article\",\"@id\":\"https:\\\/\\\/myguestrelation.com\\\/carnaval-de-nice-2026-et-locations-saisonnieres\\\/#article\",\"isPartOf\":{\"@id\":\"https:\\\/\\\/myguestrelation.com\\\/carnaval-de-nice-2026-et-locations-saisonnieres\\\/\"},\"author\":{\"name\":\"grbnb06\",\"@id\":\"https:\\\/\\\/myguestrelation.com\\\/#\\\/schema\\\/person\\\/14580a9dc3426e0a473e71bc1962c799\"},\"headline\":\"Carnaval de Nice 2026 et locations saisonni\u00e8res\",\"datePublished\":\"2026-02-25T14:02:17+00:00\",\"dateModified\":\"2026-02-25T14:02:18+00:00\",\"mainEntityOfPage\":{\"@id\":\"https:\\\/\\\/myguestrelation.com\\\/carnaval-de-nice-2026-et-locations-saisonnieres\\\/\"},\"wordCount\":1058,\"commentCount\":0,\"publisher\":{\"@id\":\"https:\\\/\\\/myguestrelation.com\\\/#organization\"},\"image\":{\"@id\":\"https:\\\/\\\/myguestrelation.com\\\/carnaval-de-nice-2026-et-locations-saisonnieres\\\/#primaryimage\"},\"thumbnailUrl\":\"https:\\\/\\\/myguestrelation.com\\\/wp-content\\\/uploads\\\/2026\\\/02\\\/carnaval-et-location.jpg\",\"articleSection\":[\"Actualit\u00e9\"],\"inLanguage\":\"en-US\",\"potentialAction\":[{\"@type\":\"CommentAction\",\"name\":\"Comment\",\"target\":[\"https:\\\/\\\/myguestrelation.com\\\/carnaval-de-nice-2026-et-locations-saisonnieres\\\/#respond\"]}]},{\"@type\":\"WebPage\",\"@id\":\"https:\\\/\\\/myguestrelation.com\\\/carnaval-de-nice-2026-et-locations-saisonnieres\\\/\",\"url\":\"https:\\\/\\\/myguestrelation.com\\\/carnaval-de-nice-2026-et-locations-saisonnieres\\\/\",\"name\":\"Carnaval de Nice 2026 et locations saisonni\u00e8res\",\"isPartOf\":{\"@id\":\"https:\\\/\\\/myguestrelation.com\\\/#website\"},\"primaryImageOfPage\":{\"@id\":\"https:\\\/\\\/myguestrelation.com\\\/carnaval-de-nice-2026-et-locations-saisonnieres\\\/#primaryimage\"},\"image\":{\"@id\":\"https:\\\/\\\/myguestrelation.com\\\/carnaval-de-nice-2026-et-locations-saisonnieres\\\/#primaryimage\"},\"thumbnailUrl\":\"https:\\\/\\\/myguestrelation.com\\\/wp-content\\\/uploads\\\/2026\\\/02\\\/carnaval-et-location.jpg\",\"datePublished\":\"2026-02-25T14:02:17+00:00\",\"dateModified\":\"2026-02-25T14:02:18+00:00\",\"description\":\"Le Carnaval de Nice booste la demande en locations saisonni\u00e8res et dynamise l\u2019\u00e9conomie locale. En savoir plus.\",\"breadcrumb\":{\"@id\":\"https:\\\/\\\/myguestrelation.com\\\/carnaval-de-nice-2026-et-locations-saisonnieres\\\/#breadcrumb\"},\"inLanguage\":\"en-US\",\"potentialAction\":[{\"@type\":\"ReadAction\",\"target\":[\"https:\\\/\\\/myguestrelation.com\\\/carnaval-de-nice-2026-et-locations-saisonnieres\\\/\"]}]},{\"@type\":\"ImageObject\",\"inLanguage\":\"en-US\",\"@id\":\"https:\\\/\\\/myguestrelation.com\\\/carnaval-de-nice-2026-et-locations-saisonnieres\\\/#primaryimage\",\"url\":\"https:\\\/\\\/myguestrelation.com\\\/wp-content\\\/uploads\\\/2026\\\/02\\\/carnaval-et-location.jpg\",\"contentUrl\":\"https:\\\/\\\/myguestrelation.com\\\/wp-content\\\/uploads\\\/2026\\\/02\\\/carnaval-et-location.jpg\",\"width\":1440,\"height\":960},{\"@type\":\"BreadcrumbList\",\"@id\":\"https:\\\/\\\/myguestrelation.com\\\/carnaval-de-nice-2026-et-locations-saisonnieres\\\/#breadcrumb\",\"itemListElement\":[{\"@type\":\"ListItem\",\"position\":1,\"name\":\"Accueil\",\"item\":\"https:\\\/\\\/myguestrelation.com\\\/\"},{\"@type\":\"ListItem\",\"position\":2,\"name\":\"Carnaval de Nice 2026 et locations saisonni\u00e8res\"}]},{\"@type\":\"WebSite\",\"@id\":\"https:\\\/\\\/myguestrelation.com\\\/#website\",\"url\":\"https:\\\/\\\/myguestrelation.com\\\/\",\"name\":\"My Guest Relation\",\"description\":\"\",\"publisher\":{\"@id\":\"https:\\\/\\\/myguestrelation.com\\\/#organization\"},\"potentialAction\":[{\"@type\":\"SearchAction\",\"target\":{\"@type\":\"EntryPoint\",\"urlTemplate\":\"https:\\\/\\\/myguestrelation.com\\\/?s={search_term_string}\"},\"query-input\":{\"@type\":\"PropertyValueSpecification\",\"valueRequired\":true,\"valueName\":\"search_term_string\"}}],\"inLanguage\":\"en-US\"},{\"@type\":\"Organization\",\"@id\":\"https:\\\/\\\/myguestrelation.com\\\/#organization\",\"name\":\"My Guest Relation\",\"url\":\"https:\\\/\\\/myguestrelation.com\\\/\",\"logo\":{\"@type\":\"ImageObject\",\"inLanguage\":\"en-US\",\"@id\":\"https:\\\/\\\/myguestrelation.com\\\/#\\\/schema\\\/logo\\\/image\\\/\",\"url\":\"https:\\\/\\\/myguestrelation.com\\\/wp-content\\\/uploads\\\/2020\\\/01\\\/Logo-final-petit_Guest-Relation.png\",\"contentUrl\":\"https:\\\/\\\/myguestrelation.com\\\/wp-content\\\/uploads\\\/2020\\\/01\\\/Logo-final-petit_Guest-Relation.png\",\"width\":425,\"height\":510,\"caption\":\"My Guest Relation\"},\"image\":{\"@id\":\"https:\\\/\\\/myguestrelation.com\\\/#\\\/schema\\\/logo\\\/image\\\/\"},\"sameAs\":[\"https:\\\/\\\/www.facebook.com\\\/GuestRelation06\\\/\"]},{\"@type\":\"Person\",\"@id\":\"https:\\\/\\\/myguestrelation.com\\\/#\\\/schema\\\/person\\\/14580a9dc3426e0a473e71bc1962c799\",\"name\":\"grbnb06\",\"image\":{\"@type\":\"ImageObject\",\"inLanguage\":\"en-US\",\"@id\":\"https:\\\/\\\/secure.gravatar.com\\\/avatar\\\/d9ed6b03dde9a59db61b08d682c9fd139e0324cafbc668dbef60a97129dd3266?s=96&d=mm&r=g\",\"url\":\"https:\\\/\\\/secure.gravatar.com\\\/avatar\\\/d9ed6b03dde9a59db61b08d682c9fd139e0324cafbc668dbef60a97129dd3266?s=96&d=mm&r=g\",\"contentUrl\":\"https:\\\/\\\/secure.gravatar.com\\\/avatar\\\/d9ed6b03dde9a59db61b08d682c9fd139e0324cafbc668dbef60a97129dd3266?s=96&d=mm&r=g\",\"caption\":\"grbnb06\"}}]}<\/script>\n<!-- \/ Yoast SEO plugin. -->","yoast_head_json":{"title":"Carnaval de Nice 2026 et locations saisonni\u00e8res","description":"Le Carnaval de Nice booste la demande en locations saisonni\u00e8res et dynamise l\u2019\u00e9conomie locale. En savoir plus.","robots":{"index":"index","follow":"follow","max-snippet":"max-snippet:-1","max-image-preview":"max-image-preview:large","max-video-preview":"max-video-preview:-1"},"canonical":"https:\/\/myguestrelation.com\/en\/carnaval-de-nice-2026-et-locations-saisonnieres\/","og_locale":"en_US","og_type":"article","og_title":"Carnaval de Nice 2026 et locations saisonni\u00e8res","og_description":"Le Carnaval de Nice booste la demande en locations saisonni\u00e8res et dynamise l\u2019\u00e9conomie locale. En savoir plus.","og_url":"https:\/\/myguestrelation.com\/en\/carnaval-de-nice-2026-et-locations-saisonnieres\/","og_site_name":"My Guest Relation","article_publisher":"https:\/\/www.facebook.com\/GuestRelation06\/","article_published_time":"2026-02-25T14:02:17+00:00","article_modified_time":"2026-02-25T14:02:18+00:00","og_image":[{"width":1440,"height":960,"url":"https:\/\/myguestrelation.com\/wp-content\/uploads\/2026\/02\/carnaval-et-location.jpg","type":"image\/jpeg"}],"author":"grbnb06","twitter_card":"summary_large_image","twitter_misc":{"Written by":"grbnb06","Est. reading time":"5 minutes"},"schema":{"@context":"https:\/\/schema.org","@graph":[{"@type":"Article","@id":"https:\/\/myguestrelation.com\/carnaval-de-nice-2026-et-locations-saisonnieres\/#article","isPartOf":{"@id":"https:\/\/myguestrelation.com\/carnaval-de-nice-2026-et-locations-saisonnieres\/"},"author":{"name":"grbnb06","@id":"https:\/\/myguestrelation.com\/#\/schema\/person\/14580a9dc3426e0a473e71bc1962c799"},"headline":"Carnaval de Nice 2026 et locations saisonni\u00e8res","datePublished":"2026-02-25T14:02:17+00:00","dateModified":"2026-02-25T14:02:18+00:00","mainEntityOfPage":{"@id":"https:\/\/myguestrelation.com\/carnaval-de-nice-2026-et-locations-saisonnieres\/"},"wordCount":1058,"commentCount":0,"publisher":{"@id":"https:\/\/myguestrelation.com\/#organization"},"image":{"@id":"https:\/\/myguestrelation.com\/carnaval-de-nice-2026-et-locations-saisonnieres\/#primaryimage"},"thumbnailUrl":"https:\/\/myguestrelation.com\/wp-content\/uploads\/2026\/02\/carnaval-et-location.jpg","articleSection":["Actualit\u00e9"],"inLanguage":"en-US","potentialAction":[{"@type":"CommentAction","name":"Comment","target":["https:\/\/myguestrelation.com\/carnaval-de-nice-2026-et-locations-saisonnieres\/#respond"]}]},{"@type":"WebPage","@id":"https:\/\/myguestrelation.com\/carnaval-de-nice-2026-et-locations-saisonnieres\/","url":"https:\/\/myguestrelation.com\/carnaval-de-nice-2026-et-locations-saisonnieres\/","name":"Carnaval de Nice 2026 et locations saisonni\u00e8res","isPartOf":{"@id":"https:\/\/myguestrelation.com\/#website"},"primaryImageOfPage":{"@id":"https:\/\/myguestrelation.com\/carnaval-de-nice-2026-et-locations-saisonnieres\/#primaryimage"},"image":{"@id":"https:\/\/myguestrelation.com\/carnaval-de-nice-2026-et-locations-saisonnieres\/#primaryimage"},"thumbnailUrl":"https:\/\/myguestrelation.com\/wp-content\/uploads\/2026\/02\/carnaval-et-location.jpg","datePublished":"2026-02-25T14:02:17+00:00","dateModified":"2026-02-25T14:02:18+00:00","description":"Le Carnaval de Nice booste la demande en locations saisonni\u00e8res et dynamise l\u2019\u00e9conomie locale. En savoir plus.","breadcrumb":{"@id":"https:\/\/myguestrelation.com\/carnaval-de-nice-2026-et-locations-saisonnieres\/#breadcrumb"},"inLanguage":"en-US","potentialAction":[{"@type":"ReadAction","target":["https:\/\/myguestrelation.com\/carnaval-de-nice-2026-et-locations-saisonnieres\/"]}]},{"@type":"ImageObject","inLanguage":"en-US","@id":"https:\/\/myguestrelation.com\/carnaval-de-nice-2026-et-locations-saisonnieres\/#primaryimage","url":"https:\/\/myguestrelation.com\/wp-content\/uploads\/2026\/02\/carnaval-et-location.jpg","contentUrl":"https:\/\/myguestrelation.com\/wp-content\/uploads\/2026\/02\/carnaval-et-location.jpg","width":1440,"height":960},{"@type":"BreadcrumbList","@id":"https:\/\/myguestrelation.com\/carnaval-de-nice-2026-et-locations-saisonnieres\/#breadcrumb","itemListElement":[{"@type":"ListItem","position":1,"name":"Accueil","item":"https:\/\/myguestrelation.com\/"},{"@type":"ListItem","position":2,"name":"Carnaval de Nice 2026 et locations saisonni\u00e8res"}]},{"@type":"WebSite","@id":"https:\/\/myguestrelation.com\/#website","url":"https:\/\/myguestrelation.com\/","name":"My Guest Relation","description":"","publisher":{"@id":"https:\/\/myguestrelation.com\/#organization"},"potentialAction":[{"@type":"SearchAction","target":{"@type":"EntryPoint","urlTemplate":"https:\/\/myguestrelation.com\/?s={search_term_string}"},"query-input":{"@type":"PropertyValueSpecification","valueRequired":true,"valueName":"search_term_string"}}],"inLanguage":"en-US"},{"@type":"Organization","@id":"https:\/\/myguestrelation.com\/#organization","name":"My Guest Relation","url":"https:\/\/myguestrelation.com\/","logo":{"@type":"ImageObject","inLanguage":"en-US","@id":"https:\/\/myguestrelation.com\/#\/schema\/logo\/image\/","url":"https:\/\/myguestrelation.com\/wp-content\/uploads\/2020\/01\/Logo-final-petit_Guest-Relation.png","contentUrl":"https:\/\/myguestrelation.com\/wp-content\/uploads\/2020\/01\/Logo-final-petit_Guest-Relation.png","width":425,"height":510,"caption":"My Guest Relation"},"image":{"@id":"https:\/\/myguestrelation.com\/#\/schema\/logo\/image\/"},"sameAs":["https:\/\/www.facebook.com\/GuestRelation06\/"]},{"@type":"Person","@id":"https:\/\/myguestrelation.com\/#\/schema\/person\/14580a9dc3426e0a473e71bc1962c799","name":"grbnb06","image":{"@type":"ImageObject","inLanguage":"en-US","@id":"https:\/\/secure.gravatar.com\/avatar\/d9ed6b03dde9a59db61b08d682c9fd139e0324cafbc668dbef60a97129dd3266?s=96&d=mm&r=g","url":"https:\/\/secure.gravatar.com\/avatar\/d9ed6b03dde9a59db61b08d682c9fd139e0324cafbc668dbef60a97129dd3266?s=96&d=mm&r=g","contentUrl":"https:\/\/secure.gravatar.com\/avatar\/d9ed6b03dde9a59db61b08d682c9fd139e0324cafbc668dbef60a97129dd3266?s=96&d=mm&r=g","caption":"grbnb06"}}]}},"_links":{"self":[{"href":"https:\/\/myguestrelation.com\/en\/wp-json\/wp\/v2\/posts\/5618","targetHints":{"allow":["GET"]}}],"collection":[{"href":"https:\/\/myguestrelation.com\/en\/wp-json\/wp\/v2\/posts"}],"about":[{"href":"https:\/\/myguestrelation.com\/en\/wp-json\/wp\/v2\/types\/post"}],"author":[{"embeddable":true,"href":"https:\/\/myguestrelation.com\/en\/wp-json\/wp\/v2\/users\/1"}],"replies":[{"embeddable":true,"href":"https:\/\/myguestrelation.com\/en\/wp-json\/wp\/v2\/comments?post=5618"}],"version-history":[{"count":3,"href":"https:\/\/myguestrelation.com\/en\/wp-json\/wp\/v2\/posts\/5618\/revisions"}],"predecessor-version":[{"id":5623,"href":"https:\/\/myguestrelation.com\/en\/wp-json\/wp\/v2\/posts\/5618\/revisions\/5623"}],"wp:featuredmedia":[{"embeddable":true,"href":"https:\/\/myguestrelation.com\/en\/wp-json\/wp\/v2\/media\/5621"}],"wp:attachment":[{"href":"https:\/\/myguestrelation.com\/en\/wp-json\/wp\/v2\/media?parent=5618"}],"wp:term":[{"taxonomy":"category","embeddable":true,"href":"https:\/\/myguestrelation.com\/en\/wp-json\/wp\/v2\/categories?post=5618"},{"taxonomy":"post_tag","embeddable":true,"href":"https:\/\/myguestrelation.com\/en\/wp-json\/wp\/v2\/tags?post=5618"}],"curies":[{"name":"wp","href":"https:\/\/api.w.org\/{rel}","templated":true}]}}