{"id":5520,"date":"2025-10-22T10:00:00","date_gmt":"2025-10-22T10:00:00","guid":{"rendered":"https:\/\/myguestrelation.com\/?p=5520"},"modified":"2025-10-13T12:38:30","modified_gmt":"2025-10-13T12:38:30","slug":"comment-fonctionne-la-taxe-de-sejour-pour-les-locations-saisonnieres","status":"publish","type":"post","link":"https:\/\/myguestrelation.com\/it\/comment-fonctionne-la-taxe-de-sejour-pour-les-locations-saisonnieres\/","title":{"rendered":"Comment fonctionne la taxe de s\u00e9jour pour les locations saisonni\u00e8res ?"},"content":{"rendered":"\n[et_pb_section fb_built=\u00a0\u00bb1&Prime; _builder_version=\u00a0\u00bb4.20.0&Prime; _module_preset=\u00a0\u00bbdefault\u00a0\u00bb custom_margin=\u00a0\u00bb-31px|||||\u00a0\u00bb custom_padding=\u00a0\u00bb0px||0px|||\u00a0\u00bb global_colors_info=\u00a0\u00bb{}\u00a0\u00bb theme_builder_area=\u00a0\u00bbet_body_layout\u00a0\u00bb][et_pb_row _builder_version=\u00a0\u00bb4.27.4&Prime; _module_preset=\u00a0\u00bbdefault\u00a0\u00bb width_tablet=\u00a0\u00bb\u00a0\u00bb width_phone=\u00a0\u00bb88%\u00a0\u00bb width_last_edited=\u00a0\u00bbon|phone\u00a0\u00bb max_width=\u00a0\u00bb1266px\u00a0\u00bb min_height=\u00a0\u00bb2242.9px\u00a0\u00bb custom_margin=\u00a0\u00bb0px||||false|false\u00a0\u00bb custom_margin_tablet=\u00a0\u00bb0px||||false|false\u00a0\u00bb custom_margin_phone=\u00a0\u00bb|||18px|false|false\u00a0\u00bb custom_margin_last_edited=\u00a0\u00bbon|phone\u00a0\u00bb custom_padding=\u00a0\u00bb0px||||false|false\u00a0\u00bb global_colors_info=\u00a0\u00bb{}\u00a0\u00bb theme_builder_area=\u00a0\u00bbet_body_layout\u00a0\u00bb][et_pb_column type=\u00a0\u00bb4_4&Prime; _builder_version=\u00a0\u00bb4.20.0&Prime; _module_preset=\u00a0\u00bbdefault\u00a0\u00bb global_colors_info=\u00a0\u00bb{}\u00a0\u00bb theme_builder_area=\u00a0\u00bbet_body_layout\u00a0\u00bb][et_pb_image src=\u00a0\u00bbhttps:\/\/myguestrelation.com\/wp-content\/uploads\/2025\/10\/location-saisonniere-taxe.jpg\u00a0\u00bb alt=\u00a0\u00bbLocation saisonni\u00e8re, soumise \u00e0 la taxe de s\u00e9jour pour les meubl\u00e9s de tourisme\u00a0\u00bb title_text=\u00a0\u00bblocation-saisonniere-taxe\u00a0\u00bb disabled_on=\u00a0\u00bboff|off|off\u00a0\u00bb _builder_version=\u00a0\u00bb4.27.4&Prime; _module_preset=\u00a0\u00bbdefault\u00a0\u00bb width=\u00a0\u00bb80%\u00a0\u00bb hover_enabled=\u00a0\u00bb0&Prime; global_colors_info=\u00a0\u00bb{}\u00a0\u00bb theme_builder_area=\u00a0\u00bbet_body_layout\u00a0\u00bb sticky_enabled=\u00a0\u00bb0&Prime;][\/et_pb_image][et_pb_text _builder_version=\u00a0\u00bb4.27.4&Prime; _module_preset=\u00a0\u00bbdefault\u00a0\u00bb hover_enabled=\u00a0\u00bb0&Prime; global_colors_info=\u00a0\u00bb{}\u00a0\u00bb theme_builder_area=\u00a0\u00bbet_body_layout\u00a0\u00bb sticky_enabled=\u00a0\u00bb0&Prime;]<h1>Comment fonctionne la taxe de s\u00e9jour pour les locations saisonni\u00e8res ?<\/h1>[\/et_pb_text][et_pb_divider divider_weight=\u00a0\u00bb2px\u00a0\u00bb _builder_version=\u00a0\u00bb4.20.0&Prime; _module_preset=\u00a0\u00bbdefault\u00a0\u00bb width=\u00a0\u00bb25%\u00a0\u00bb global_colors_info=\u00a0\u00bb{}\u00a0\u00bb theme_builder_area=\u00a0\u00bbet_body_layout\u00a0\u00bb][\/et_pb_divider][et_pb_text _builder_version=\u00a0\u00bb4.27.4&Prime; _module_preset=\u00a0\u00bbdefault\u00a0\u00bb text_text_color=\u00a0\u00bb#393c40&Prime; hover_enabled=\u00a0\u00bb0&Prime; global_colors_info=\u00a0\u00bb{}\u00a0\u00bb theme_builder_area=\u00a0\u00bbet_body_layout\u00a0\u00bb sticky_enabled=\u00a0\u00bb0&Prime;]<p><b>Si vous \u00eates propri\u00e9taire d\u2019une location saisonni\u00e8re, vous avez certainement d\u00e9j\u00e0 entendu parler de la taxe de s\u00e9jour. Il s\u2019agit d\u2019un imp\u00f4t local institu\u00e9 par de nombreuses communes. Vous devez conna\u00eetre un certain nombre de points essentiels \u00e0 ce sujet. C\u2019est la raison pour laquelle nous allons vous donner des informations concernant cette taxe. Nous apporterons des r\u00e9ponses claires \u00e0 vos principales questions afin que tout soit parfaitement compris. Il existe en effet plusieurs notions \u00e0 conna\u00eetre dans le secteur du tourisme et nous sommes l\u00e0 pour vous \u00e9clairer au mieux. <\/b><\/p>[\/et_pb_text][et_pb_text _builder_version=\u00a0\u00bb4.27.4&Prime; _module_preset=\u00a0\u00bbdefault\u00a0\u00bb hover_enabled=\u00a0\u00bb0&Prime; global_colors_info=\u00a0\u00bb{}\u00a0\u00bb theme_builder_area=\u00a0\u00bbet_body_layout\u00a0\u00bb sticky_enabled=\u00a0\u00bb0&Prime;]<h2>Qu\u2019est-ce que la taxe de s\u00e9jour ?<\/h2>[\/et_pb_text][et_pb_text _builder_version=\u00a0\u00bb4.27.4&Prime; _module_preset=\u00a0\u00bbdefault\u00a0\u00bb hover_enabled=\u00a0\u00bb0&Prime; global_colors_info=\u00a0\u00bb{}\u00a0\u00bb theme_builder_area=\u00a0\u00bbet_body_layout\u00a0\u00bb sticky_enabled=\u00a0\u00bb0&Prime;]<p><span style=\"font-weight: 400;\">Les <\/span><b>meubl\u00e9s de tourisme<\/b><span style=\"font-weight: 400;\"> sont soumis \u00e0 la taxe de s\u00e9jour, un montant pr\u00e9lev\u00e9 par la commune ou par un \u00e9tablissement public de coop\u00e9ration intercommunale (EPCI). Il faut savoir que cette taxe ne concerne pas toutes les villes, il s\u2019agit principalement :\u00a0<\/span><\/p>\n<ul>\n<li style=\"font-weight: 400;\" aria-level=\"1\"><span style=\"font-weight: 400;\">Des communes touristiques ;<\/span><\/li>\n<li style=\"font-weight: 400;\" aria-level=\"1\"><span style=\"font-weight: 400;\">Des communes de montagnes ;<\/span><\/li>\n<li style=\"font-weight: 400;\" aria-level=\"1\"><span style=\"font-weight: 400;\">Des communes littorales ;\u00a0<\/span><\/li>\n<li style=\"font-weight: 400;\" aria-level=\"1\"><span style=\"font-weight: 400;\">Des communes qui m\u00e8nent des actions de promotion touristique ainsi que celles qui valorisent leur patrimoine naturel.\u00a0<\/span><\/li>\n<\/ul>\n<p><span style=\"font-weight: 400;\">La taxe de s\u00e9jour est collect\u00e9e dans le but de financer les d\u00e9penses li\u00e9es au tourisme. Elle permet de couvrir \u00e0 la fois les d\u00e9penses dues \u00e0 la <\/span><b>fr\u00e9quentation touristique<\/b><span style=\"font-weight: 400;\"> et celles destin\u00e9es au <\/span><b>d\u00e9veloppement du tourisme local<\/b><span style=\"font-weight: 400;\">.\u00a0<\/span><\/p>\n<p><span style=\"font-weight: 400;\">Plus pr\u00e9cis\u00e9ment, les recettes issues de cette taxe permettent d\u2019am\u00e9liorer et d\u2019entretenir les <\/span><b>infrastructures touristiques<\/b><span style=\"font-weight: 400;\">, mais aussi de soutenir les \u00e9v\u00e9nements culturels et sportifs. Une partie cons\u00e9quente de ces fonds alimente le budget des offices de tourisme pour am\u00e9liorer la qualit\u00e9 des services offerts tout en maintenant un environnement accueillant qui attire toujours plus de touristes chaque ann\u00e9e.\u00a0<\/span><\/p>\n<p><span style=\"font-weight: 400;\">Par cons\u00e9quent, la taxe de s\u00e9jour permet de <\/span><b>renforcer l\u2019attractivit\u00e9 des communes<\/b><span style=\"font-weight: 400;\">, de stimuler l\u2019\u00e9conomie locale et de cr\u00e9er de l\u2019emploi dans le secteur du tourisme.\u00a0<\/span><\/p>[\/et_pb_text][et_pb_text _builder_version=\u00a0\u00bb4.27.4&Prime; _module_preset=\u00a0\u00bbdefault\u00a0\u00bb hover_enabled=\u00a0\u00bb0&Prime; global_colors_info=\u00a0\u00bb{}\u00a0\u00bb theme_builder_area=\u00a0\u00bbet_body_layout\u00a0\u00bb sticky_enabled=\u00a0\u00bb0&Prime;]<h2>Qui est concern\u00e9 par la taxe de s\u00e9jour ?<\/h2>[\/et_pb_text][et_pb_text _builder_version=\u00a0\u00bb4.27.4&Prime; _module_preset=\u00a0\u00bbdefault\u00a0\u00bb hover_enabled=\u00a0\u00bb0&Prime; global_colors_info=\u00a0\u00bb{}\u00a0\u00bb theme_builder_area=\u00a0\u00bbet_body_layout\u00a0\u00bb sticky_enabled=\u00a0\u00bb0&Prime;]<p><span style=\"font-weight: 400;\">La taxe de s\u00e9jour est \u00e0 payer par le voyageur lorsqu\u2019il r\u00e9serve un <\/span><b>h\u00e9bergement touristique<\/b><span style=\"font-weight: 400;\"> mentionn\u00e9 ci-dessous :\u00a0<\/span><\/p>\n<ul>\n<li style=\"font-weight: 400;\" aria-level=\"1\"><span style=\"font-weight: 400;\">H\u00f4tel de tourisme ;<\/span><\/li>\n<li style=\"font-weight: 400;\" aria-level=\"1\"><span style=\"font-weight: 400;\">Palace ;<\/span><\/li>\n<li style=\"font-weight: 400;\" aria-level=\"1\"><span style=\"font-weight: 400;\">R\u00e9sidence de tourisme ;<\/span><\/li>\n<li style=\"font-weight: 400;\" aria-level=\"1\"><span style=\"font-weight: 400;\">Meubl\u00e9 de tourisme ou location de vacances entre particuliers (dont chambre chez l\u2019habitant) ;<\/span><\/li>\n<li style=\"font-weight: 400;\" aria-level=\"1\"><span style=\"font-weight: 400;\">Village de vacances ;<\/span><\/li>\n<li style=\"font-weight: 400;\" aria-level=\"1\"><span style=\"font-weight: 400;\">Chambre d\u2019h\u00f4tes ;<\/span><\/li>\n<li style=\"font-weight: 400;\" aria-level=\"1\"><span style=\"font-weight: 400;\">H\u00e9bergement de plein air (camping, aires de camping-cars,\u00a0 caravanage et parc de stationnement touristique) ;\u00a0<\/span><\/li>\n<li style=\"font-weight: 400;\" aria-level=\"1\"><span style=\"font-weight: 400;\">Port de plaisance.\u00a0<\/span><\/li>\n<\/ul>\n<p><span style=\"font-weight: 400;\">\u00c0 savoir que certains vacanciers b\u00e9n\u00e9ficient d\u2019une exon\u00e9ration :\u00a0<\/span><\/p>\n<p><span style=\"font-weight: 400;\"><\/span><\/p>\n<ul>\n<li style=\"font-weight: 400;\" aria-level=\"1\"><span style=\"font-weight: 400;\">Les personnes de moins de 18 ans ;<\/span><\/li>\n<li style=\"font-weight: 400;\" aria-level=\"1\"><span style=\"font-weight: 400;\">Les employ\u00e9s ayant un contrat de travail saisonnier dans la commune ;\u00a0<\/span><\/li>\n<li style=\"font-weight: 400;\" aria-level=\"1\"><span style=\"font-weight: 400;\">Les b\u00e9n\u00e9ficiaires d\u2019un relogement temporaire ou d\u2019un h\u00e9bergement d\u2019urgence ;<\/span><\/li>\n<li style=\"font-weight: 400;\" aria-level=\"1\"><span style=\"font-weight: 400;\">Les occupants de locaux qui b\u00e9n\u00e9ficient d\u2019un loyer inf\u00e9rieur au seuil d\u00e9termin\u00e9 par le conseil municipal.\u00a0<\/span><\/li>\n<\/ul>[\/et_pb_text][et_pb_text _builder_version=\u00a0\u00bb4.27.4&Prime; _module_preset=\u00a0\u00bbdefault\u00a0\u00bb hover_enabled=\u00a0\u00bb0&Prime; global_colors_info=\u00a0\u00bb{}\u00a0\u00bb theme_builder_area=\u00a0\u00bbet_body_layout\u00a0\u00bb sticky_enabled=\u00a0\u00bb0&Prime;]<h2>Quel est le co\u00fbt de la taxe de s\u00e9jour ?<\/h2>[\/et_pb_text][et_pb_text _builder_version=\u00a0\u00bb4.27.4&Prime; _module_preset=\u00a0\u00bbdefault\u00a0\u00bb hover_enabled=\u00a0\u00bb0&Prime; global_colors_info=\u00a0\u00bb{}\u00a0\u00bb theme_builder_area=\u00a0\u00bbet_body_layout\u00a0\u00bb sticky_enabled=\u00a0\u00bb0&Prime;]<p><span style=\"font-weight: 400;\">La taxe de s\u00e9jour qui s\u2019applique \u00e0 toutes les communes qui ont d\u00e9cid\u00e9 de l\u2019instaurer repr\u00e9sente un co\u00fbt minime par rapport au prix d\u2019un s\u00e9jour. Ainsi, l\u2019objectif est de <\/span><b>favoriser les r\u00e9servations<\/b><span style=\"font-weight: 400;\"> sans freiner les futurs locataires, afin de soutenir le <\/span><b>d\u00e9veloppement du tourisme<\/b><span style=\"font-weight: 400;\">.\u00a0<\/span><\/p>\n<p><span style=\"font-weight: 400;\">Par ailleurs, le montant de cette taxe varie fortement en fonction de la r\u00e9gion et du type d&rsquo;h\u00e9bergement, de son \u00e9ventuel <\/span><b>classement en meubl\u00e9 de tourisme<\/b><span style=\"font-weight: 400;\"> et du nombre d\u2019\u00e9toiles qu\u2019il poss\u00e8de. Il existe plusieurs modes de calcul pour d\u00e9terminer ce que le voyageur doit payer :\u00a0<\/span><\/p>\n<ul>\n<li style=\"font-weight: 400;\" aria-level=\"1\"><b>Le paiement au r\u00e9el<\/b><span style=\"font-weight: 400;\"> : le montant de la taxe de s\u00e9jour d\u00e9pend du nombre de vacanciers, de la dur\u00e9e de leur s\u00e9jour et du tarif applicable \u00e0 chaque cat\u00e9gorie d\u2019h\u00e9bergement. Par exemple, si deux personnes r\u00e9servent un logement pour un long week-end de trois jours avec une taxe fix\u00e9 \u00e0 3,50 \u20ac, le total \u00e0 r\u00e9gler sera de 21 \u20ac (3,50 x 2 x 3) ;\u00a0<\/span><\/li>\n<li style=\"font-weight: 400;\" aria-level=\"1\"><b>Le paiement au forfait<\/b><span style=\"font-weight: 400;\"> : l\u2019h\u00e9bergeur indique \u00e0 la mairie sa capacit\u00e9 d\u2019accueil ainsi que la p\u00e9riode de location, cela sert de base pour calculer le prix de la taxe de s\u00e9jour. Le nombre d\u2019occupants n\u2019est donc dans ce cas pas pris en compte ;\u00a0<\/span><\/li>\n<li style=\"font-weight: 400;\" aria-level=\"1\"><b>Le calcul de la taxe de s\u00e9jour pour un meubl\u00e9 non class\u00e9<\/b><span style=\"font-weight: 400;\"> : un taux compris entre 1 % et 5 % (adopt\u00e9 par la collectivit\u00e9) s\u2019applique par nuit\u00e9e et par personne avec un plafond maximal \u00e0 respecter.\u00a0<\/span><\/li>\n<\/ul>\n<p><span style=\"font-weight: 400;\">Si vous \u00eates curieux de savoir \u00e0 combien s\u2019\u00e9l\u00e8ve la taxe de s\u00e9jour dans votre commune, utilisez ce t\u00e9l\u00e9service officiel : <\/span><a href=\"https:\/\/taxesejour.impots.gouv.fr\/FR\/\"><span style=\"font-weight: 400;\">https:\/\/taxesejour.impots.gouv.fr\/FR\/<\/span><\/a><span style=\"font-weight: 400;\">.<\/span><\/p>[\/et_pb_text][et_pb_text _builder_version=\u00a0\u00bb4.27.4&Prime; _module_preset=\u00a0\u00bbdefault\u00a0\u00bb hover_enabled=\u00a0\u00bb0&Prime; global_colors_info=\u00a0\u00bb{}\u00a0\u00bb theme_builder_area=\u00a0\u00bbet_body_layout\u00a0\u00bb sticky_enabled=\u00a0\u00bb0&Prime;]<h2>Qui collecte et reverse la taxe de s\u00e9jour ?<\/h2>[\/et_pb_text][et_pb_text _builder_version=\u00a0\u00bb4.27.4&Prime; _module_preset=\u00a0\u00bbdefault\u00a0\u00bb hover_enabled=\u00a0\u00bb0&Prime; global_colors_info=\u00a0\u00bb{}\u00a0\u00bb theme_builder_area=\u00a0\u00bbet_body_layout\u00a0\u00bb sticky_enabled=\u00a0\u00bb0&Prime;]<p><span style=\"font-weight: 400;\">Les voyageurs doivent en principe payer la taxe de s\u00e9jour directement au propri\u00e9taire de la <\/span><b>location courte dur\u00e9e<\/b><span style=\"font-weight: 400;\">. Toutefois, les plateformes de r\u00e9servation en ligne comme Airbnb sont tenues de collecter cette taxe et de la reverser chaque ann\u00e9e aux communes concern\u00e9es. L\u2019h\u00f4te n\u2019a donc aucune d\u00e9marche \u00e0 accomplir. Cependant, lorsque la r\u00e9servation se fait sans passer par un interm\u00e9diaire, le propri\u00e9taire doit r\u00e9cup\u00e9rer la taxe de s\u00e9jour et la reverser \u00e0 la commune.\u00a0\u00a0<\/span><\/p>\n<p><span style=\"font-weight: 400;\">Les <\/span><b>plateformes de r\u00e9servation<\/b><span style=\"font-weight: 400;\"> ne fonctionnent pas toutes de la m\u00eame mani\u00e8re par rapport \u00e0 la taxe de s\u00e9jour. En effet, Airbnb la collecte de mani\u00e8re automatique, contrairement \u00e0 Booking o\u00f9 il est n\u00e9cessaire d\u2019activer cette option dans les param\u00e8tres.<\/span><\/p>[\/et_pb_text][et_pb_text _builder_version=\u00a0\u00bb4.27.4&Prime; _module_preset=\u00a0\u00bbdefault\u00a0\u00bb hover_enabled=\u00a0\u00bb0&Prime; global_colors_info=\u00a0\u00bb{}\u00a0\u00bb theme_builder_area=\u00a0\u00bbet_body_layout\u00a0\u00bb sticky_enabled=\u00a0\u00bb0&Prime;]<h2>Simplifiez la gestion de votre bien avec My Guest Relation<\/h2>[\/et_pb_text][et_pb_text _builder_version=\u00a0\u00bb4.27.4&Prime; _module_preset=\u00a0\u00bbdefault\u00a0\u00bb hover_enabled=\u00a0\u00bb0&Prime; global_colors_info=\u00a0\u00bb{}\u00a0\u00bb theme_builder_area=\u00a0\u00bbet_body_layout\u00a0\u00bb sticky_enabled=\u00a0\u00bb0&Prime;]<p><span style=\"font-weight: 400;\">My Guest Relation est <\/span><a href=\"https:\/\/myguestrelation.com\/\"><span style=\"font-weight: 400;\">une conciergerie Airbnb<\/span><\/a><span style=\"font-weight: 400;\"> qui prend en charge la <\/span><b>gestion compl\u00e8te <\/b><span style=\"font-weight: 400;\">de biens locatifs haut de gamme. Notre objectif, vous simplifier la vie pour que vous puissiez vous concentrer sur l\u2019essentiel ! Chaque aspect r\u00e9glementaire, comme la taxe de s\u00e9jour est g\u00e9r\u00e9 dans les r\u00e8gles par notre \u00e9quipe. Vous pouvez ainsi d\u00e9l\u00e9guer en toute confiance votre <\/span><b>location de vacances<\/b><span style=\"font-weight: 400;\"> tout en maximisant son potentiel. Nous prenons en charge chaque d\u00e9tail pour vous offrir la tranquillit\u00e9 d\u2019esprit.\u00a0<\/span><b><br \/><\/b><\/p>[\/et_pb_text][\/et_pb_column][\/et_pb_row][\/et_pb_section]\n","protected":false},"excerpt":{"rendered":"<p>Si vous \u00eates propri\u00e9taire d\u2019une location saisonni\u00e8re, vous avez certainement d\u00e9j\u00e0 entendu parler de la taxe de s\u00e9jour. Il s\u2019agit d\u2019un imp\u00f4t local institu\u00e9 par de nombreuses communes. Vous devez conna\u00eetre un certain nombre de points essentiels \u00e0 ce sujet&#8230; <\/p>","protected":false},"author":1,"featured_media":5527,"comment_status":"open","ping_status":"open","sticky":false,"template":"","format":"standard","meta":{"_et_pb_use_builder":"on","_et_pb_old_content":"","_et_gb_content_width":"","_monsterinsights_skip_tracking":false,"_monsterinsights_sitenote_active":false,"_monsterinsights_sitenote_note":"","_monsterinsights_sitenote_category":0,"footnotes":""},"categories":[48],"tags":[],"class_list":["post-5520","post","type-post","status-publish","format-standard","has-post-thumbnail","hentry","category-legislation"],"yoast_head":"<!-- This site is optimized with the Yoast SEO plugin v27.5 - https:\/\/yoast.com\/product\/yoast-seo-wordpress\/ -->\n<title>Location saisonni\u00e8re : tout savoir sur la taxe de s\u00e9jour<\/title>\n<meta name=\"description\" content=\"Comment fonctionne la taxe de s\u00e9jour ? D\u00e9couvrez son utilit\u00e9, son calcul et comment la collecter et la reverser.\" \/>\n<meta name=\"robots\" content=\"index, follow, max-snippet:-1, max-image-preview:large, max-video-preview:-1\" \/>\n<link rel=\"canonical\" href=\"https:\/\/myguestrelation.com\/it\/comment-fonctionne-la-taxe-de-sejour-pour-les-locations-saisonnieres\/\" \/>\n<meta property=\"og:locale\" content=\"it_IT\" \/>\n<meta property=\"og:type\" content=\"article\" \/>\n<meta property=\"og:title\" content=\"Location saisonni\u00e8re : tout savoir sur la taxe de s\u00e9jour\" \/>\n<meta property=\"og:description\" content=\"Comment fonctionne la taxe de s\u00e9jour ? D\u00e9couvrez son utilit\u00e9, son calcul et comment la collecter et la reverser.\" \/>\n<meta property=\"og:url\" content=\"https:\/\/myguestrelation.com\/it\/comment-fonctionne-la-taxe-de-sejour-pour-les-locations-saisonnieres\/\" \/>\n<meta property=\"og:site_name\" content=\"My Guest Relation\" \/>\n<meta property=\"article:publisher\" content=\"https:\/\/www.facebook.com\/GuestRelation06\/\" \/>\n<meta property=\"article:published_time\" content=\"2025-10-22T10:00:00+00:00\" \/>\n<meta property=\"og:image\" content=\"https:\/\/myguestrelation.com\/wp-content\/uploads\/2025\/10\/location-saisonniere-taxe.jpg\" \/>\n\t<meta property=\"og:image:width\" content=\"1440\" \/>\n\t<meta property=\"og:image:height\" content=\"960\" \/>\n\t<meta property=\"og:image:type\" content=\"image\/jpeg\" \/>\n<meta name=\"author\" content=\"grbnb06\" \/>\n<meta name=\"twitter:card\" content=\"summary_large_image\" \/>\n<meta name=\"twitter:label1\" content=\"Scritto da\" \/>\n\t<meta name=\"twitter:data1\" content=\"grbnb06\" \/>\n\t<meta name=\"twitter:label2\" content=\"Tempo di lettura stimato\" \/>\n\t<meta name=\"twitter:data2\" content=\"8 minuti\" \/>\n<script type=\"application\/ld+json\" class=\"yoast-schema-graph\">{\"@context\":\"https:\\\/\\\/schema.org\",\"@graph\":[{\"@type\":\"Article\",\"@id\":\"https:\\\/\\\/myguestrelation.com\\\/comment-fonctionne-la-taxe-de-sejour-pour-les-locations-saisonnieres\\\/#article\",\"isPartOf\":{\"@id\":\"https:\\\/\\\/myguestrelation.com\\\/comment-fonctionne-la-taxe-de-sejour-pour-les-locations-saisonnieres\\\/\"},\"author\":{\"name\":\"grbnb06\",\"@id\":\"https:\\\/\\\/myguestrelation.com\\\/#\\\/schema\\\/person\\\/14580a9dc3426e0a473e71bc1962c799\"},\"headline\":\"Comment fonctionne la taxe de s\u00e9jour pour les locations saisonni\u00e8res ?\",\"datePublished\":\"2025-10-22T10:00:00+00:00\",\"mainEntityOfPage\":{\"@id\":\"https:\\\/\\\/myguestrelation.com\\\/comment-fonctionne-la-taxe-de-sejour-pour-les-locations-saisonnieres\\\/\"},\"wordCount\":1515,\"commentCount\":0,\"publisher\":{\"@id\":\"https:\\\/\\\/myguestrelation.com\\\/#organization\"},\"image\":{\"@id\":\"https:\\\/\\\/myguestrelation.com\\\/comment-fonctionne-la-taxe-de-sejour-pour-les-locations-saisonnieres\\\/#primaryimage\"},\"thumbnailUrl\":\"https:\\\/\\\/myguestrelation.com\\\/wp-content\\\/uploads\\\/2025\\\/10\\\/location-saisonniere-taxe.jpg\",\"articleSection\":[\"L\u00e9gislation\"],\"inLanguage\":\"it-IT\",\"potentialAction\":[{\"@type\":\"CommentAction\",\"name\":\"Comment\",\"target\":[\"https:\\\/\\\/myguestrelation.com\\\/comment-fonctionne-la-taxe-de-sejour-pour-les-locations-saisonnieres\\\/#respond\"]}]},{\"@type\":\"WebPage\",\"@id\":\"https:\\\/\\\/myguestrelation.com\\\/comment-fonctionne-la-taxe-de-sejour-pour-les-locations-saisonnieres\\\/\",\"url\":\"https:\\\/\\\/myguestrelation.com\\\/comment-fonctionne-la-taxe-de-sejour-pour-les-locations-saisonnieres\\\/\",\"name\":\"Location saisonni\u00e8re : tout savoir sur la taxe de s\u00e9jour\",\"isPartOf\":{\"@id\":\"https:\\\/\\\/myguestrelation.com\\\/#website\"},\"primaryImageOfPage\":{\"@id\":\"https:\\\/\\\/myguestrelation.com\\\/comment-fonctionne-la-taxe-de-sejour-pour-les-locations-saisonnieres\\\/#primaryimage\"},\"image\":{\"@id\":\"https:\\\/\\\/myguestrelation.com\\\/comment-fonctionne-la-taxe-de-sejour-pour-les-locations-saisonnieres\\\/#primaryimage\"},\"thumbnailUrl\":\"https:\\\/\\\/myguestrelation.com\\\/wp-content\\\/uploads\\\/2025\\\/10\\\/location-saisonniere-taxe.jpg\",\"datePublished\":\"2025-10-22T10:00:00+00:00\",\"description\":\"Comment fonctionne la taxe de s\u00e9jour ? D\u00e9couvrez son utilit\u00e9, son calcul et comment la collecter et la reverser.\",\"breadcrumb\":{\"@id\":\"https:\\\/\\\/myguestrelation.com\\\/comment-fonctionne-la-taxe-de-sejour-pour-les-locations-saisonnieres\\\/#breadcrumb\"},\"inLanguage\":\"it-IT\",\"potentialAction\":[{\"@type\":\"ReadAction\",\"target\":[\"https:\\\/\\\/myguestrelation.com\\\/comment-fonctionne-la-taxe-de-sejour-pour-les-locations-saisonnieres\\\/\"]}]},{\"@type\":\"ImageObject\",\"inLanguage\":\"it-IT\",\"@id\":\"https:\\\/\\\/myguestrelation.com\\\/comment-fonctionne-la-taxe-de-sejour-pour-les-locations-saisonnieres\\\/#primaryimage\",\"url\":\"https:\\\/\\\/myguestrelation.com\\\/wp-content\\\/uploads\\\/2025\\\/10\\\/location-saisonniere-taxe.jpg\",\"contentUrl\":\"https:\\\/\\\/myguestrelation.com\\\/wp-content\\\/uploads\\\/2025\\\/10\\\/location-saisonniere-taxe.jpg\",\"width\":1440,\"height\":960,\"caption\":\"Location saisonni\u00e8re, soumise \u00e0 la taxe de s\u00e9jour pour les meubl\u00e9s de tourisme\"},{\"@type\":\"BreadcrumbList\",\"@id\":\"https:\\\/\\\/myguestrelation.com\\\/comment-fonctionne-la-taxe-de-sejour-pour-les-locations-saisonnieres\\\/#breadcrumb\",\"itemListElement\":[{\"@type\":\"ListItem\",\"position\":1,\"name\":\"Accueil\",\"item\":\"https:\\\/\\\/myguestrelation.com\\\/\"},{\"@type\":\"ListItem\",\"position\":2,\"name\":\"Comment fonctionne la taxe de s\u00e9jour pour les locations saisonni\u00e8res ?\"}]},{\"@type\":\"WebSite\",\"@id\":\"https:\\\/\\\/myguestrelation.com\\\/#website\",\"url\":\"https:\\\/\\\/myguestrelation.com\\\/\",\"name\":\"My Guest Relation\",\"description\":\"\",\"publisher\":{\"@id\":\"https:\\\/\\\/myguestrelation.com\\\/#organization\"},\"potentialAction\":[{\"@type\":\"SearchAction\",\"target\":{\"@type\":\"EntryPoint\",\"urlTemplate\":\"https:\\\/\\\/myguestrelation.com\\\/?s={search_term_string}\"},\"query-input\":{\"@type\":\"PropertyValueSpecification\",\"valueRequired\":true,\"valueName\":\"search_term_string\"}}],\"inLanguage\":\"it-IT\"},{\"@type\":\"Organization\",\"@id\":\"https:\\\/\\\/myguestrelation.com\\\/#organization\",\"name\":\"My Guest Relation\",\"url\":\"https:\\\/\\\/myguestrelation.com\\\/\",\"logo\":{\"@type\":\"ImageObject\",\"inLanguage\":\"it-IT\",\"@id\":\"https:\\\/\\\/myguestrelation.com\\\/#\\\/schema\\\/logo\\\/image\\\/\",\"url\":\"https:\\\/\\\/myguestrelation.com\\\/wp-content\\\/uploads\\\/2020\\\/01\\\/Logo-final-petit_Guest-Relation.png\",\"contentUrl\":\"https:\\\/\\\/myguestrelation.com\\\/wp-content\\\/uploads\\\/2020\\\/01\\\/Logo-final-petit_Guest-Relation.png\",\"width\":425,\"height\":510,\"caption\":\"My Guest Relation\"},\"image\":{\"@id\":\"https:\\\/\\\/myguestrelation.com\\\/#\\\/schema\\\/logo\\\/image\\\/\"},\"sameAs\":[\"https:\\\/\\\/www.facebook.com\\\/GuestRelation06\\\/\"]},{\"@type\":\"Person\",\"@id\":\"https:\\\/\\\/myguestrelation.com\\\/#\\\/schema\\\/person\\\/14580a9dc3426e0a473e71bc1962c799\",\"name\":\"grbnb06\",\"image\":{\"@type\":\"ImageObject\",\"inLanguage\":\"it-IT\",\"@id\":\"https:\\\/\\\/secure.gravatar.com\\\/avatar\\\/d9ed6b03dde9a59db61b08d682c9fd139e0324cafbc668dbef60a97129dd3266?s=96&d=mm&r=g\",\"url\":\"https:\\\/\\\/secure.gravatar.com\\\/avatar\\\/d9ed6b03dde9a59db61b08d682c9fd139e0324cafbc668dbef60a97129dd3266?s=96&d=mm&r=g\",\"contentUrl\":\"https:\\\/\\\/secure.gravatar.com\\\/avatar\\\/d9ed6b03dde9a59db61b08d682c9fd139e0324cafbc668dbef60a97129dd3266?s=96&d=mm&r=g\",\"caption\":\"grbnb06\"}}]}<\/script>\n<!-- \/ Yoast SEO plugin. -->","yoast_head_json":{"title":"Location saisonni\u00e8re : tout savoir sur la taxe de s\u00e9jour","description":"Comment fonctionne la taxe de s\u00e9jour ? D\u00e9couvrez son utilit\u00e9, son calcul et comment la collecter et la reverser.","robots":{"index":"index","follow":"follow","max-snippet":"max-snippet:-1","max-image-preview":"max-image-preview:large","max-video-preview":"max-video-preview:-1"},"canonical":"https:\/\/myguestrelation.com\/it\/comment-fonctionne-la-taxe-de-sejour-pour-les-locations-saisonnieres\/","og_locale":"it_IT","og_type":"article","og_title":"Location saisonni\u00e8re : tout savoir sur la taxe de s\u00e9jour","og_description":"Comment fonctionne la taxe de s\u00e9jour ? D\u00e9couvrez son utilit\u00e9, son calcul et comment la collecter et la reverser.","og_url":"https:\/\/myguestrelation.com\/it\/comment-fonctionne-la-taxe-de-sejour-pour-les-locations-saisonnieres\/","og_site_name":"My Guest Relation","article_publisher":"https:\/\/www.facebook.com\/GuestRelation06\/","article_published_time":"2025-10-22T10:00:00+00:00","og_image":[{"width":1440,"height":960,"url":"https:\/\/myguestrelation.com\/wp-content\/uploads\/2025\/10\/location-saisonniere-taxe.jpg","type":"image\/jpeg"}],"author":"grbnb06","twitter_card":"summary_large_image","twitter_misc":{"Scritto da":"grbnb06","Tempo di lettura stimato":"8 minuti"},"schema":{"@context":"https:\/\/schema.org","@graph":[{"@type":"Article","@id":"https:\/\/myguestrelation.com\/comment-fonctionne-la-taxe-de-sejour-pour-les-locations-saisonnieres\/#article","isPartOf":{"@id":"https:\/\/myguestrelation.com\/comment-fonctionne-la-taxe-de-sejour-pour-les-locations-saisonnieres\/"},"author":{"name":"grbnb06","@id":"https:\/\/myguestrelation.com\/#\/schema\/person\/14580a9dc3426e0a473e71bc1962c799"},"headline":"Comment fonctionne la taxe de s\u00e9jour pour les locations saisonni\u00e8res ?","datePublished":"2025-10-22T10:00:00+00:00","mainEntityOfPage":{"@id":"https:\/\/myguestrelation.com\/comment-fonctionne-la-taxe-de-sejour-pour-les-locations-saisonnieres\/"},"wordCount":1515,"commentCount":0,"publisher":{"@id":"https:\/\/myguestrelation.com\/#organization"},"image":{"@id":"https:\/\/myguestrelation.com\/comment-fonctionne-la-taxe-de-sejour-pour-les-locations-saisonnieres\/#primaryimage"},"thumbnailUrl":"https:\/\/myguestrelation.com\/wp-content\/uploads\/2025\/10\/location-saisonniere-taxe.jpg","articleSection":["L\u00e9gislation"],"inLanguage":"it-IT","potentialAction":[{"@type":"CommentAction","name":"Comment","target":["https:\/\/myguestrelation.com\/comment-fonctionne-la-taxe-de-sejour-pour-les-locations-saisonnieres\/#respond"]}]},{"@type":"WebPage","@id":"https:\/\/myguestrelation.com\/comment-fonctionne-la-taxe-de-sejour-pour-les-locations-saisonnieres\/","url":"https:\/\/myguestrelation.com\/comment-fonctionne-la-taxe-de-sejour-pour-les-locations-saisonnieres\/","name":"Location saisonni\u00e8re : tout savoir sur la taxe de s\u00e9jour","isPartOf":{"@id":"https:\/\/myguestrelation.com\/#website"},"primaryImageOfPage":{"@id":"https:\/\/myguestrelation.com\/comment-fonctionne-la-taxe-de-sejour-pour-les-locations-saisonnieres\/#primaryimage"},"image":{"@id":"https:\/\/myguestrelation.com\/comment-fonctionne-la-taxe-de-sejour-pour-les-locations-saisonnieres\/#primaryimage"},"thumbnailUrl":"https:\/\/myguestrelation.com\/wp-content\/uploads\/2025\/10\/location-saisonniere-taxe.jpg","datePublished":"2025-10-22T10:00:00+00:00","description":"Comment fonctionne la taxe de s\u00e9jour ? D\u00e9couvrez son utilit\u00e9, son calcul et comment la collecter et la reverser.","breadcrumb":{"@id":"https:\/\/myguestrelation.com\/comment-fonctionne-la-taxe-de-sejour-pour-les-locations-saisonnieres\/#breadcrumb"},"inLanguage":"it-IT","potentialAction":[{"@type":"ReadAction","target":["https:\/\/myguestrelation.com\/comment-fonctionne-la-taxe-de-sejour-pour-les-locations-saisonnieres\/"]}]},{"@type":"ImageObject","inLanguage":"it-IT","@id":"https:\/\/myguestrelation.com\/comment-fonctionne-la-taxe-de-sejour-pour-les-locations-saisonnieres\/#primaryimage","url":"https:\/\/myguestrelation.com\/wp-content\/uploads\/2025\/10\/location-saisonniere-taxe.jpg","contentUrl":"https:\/\/myguestrelation.com\/wp-content\/uploads\/2025\/10\/location-saisonniere-taxe.jpg","width":1440,"height":960,"caption":"Location saisonni\u00e8re, soumise \u00e0 la taxe de s\u00e9jour pour les meubl\u00e9s de tourisme"},{"@type":"BreadcrumbList","@id":"https:\/\/myguestrelation.com\/comment-fonctionne-la-taxe-de-sejour-pour-les-locations-saisonnieres\/#breadcrumb","itemListElement":[{"@type":"ListItem","position":1,"name":"Accueil","item":"https:\/\/myguestrelation.com\/"},{"@type":"ListItem","position":2,"name":"Comment fonctionne la taxe de s\u00e9jour pour les locations saisonni\u00e8res ?"}]},{"@type":"WebSite","@id":"https:\/\/myguestrelation.com\/#website","url":"https:\/\/myguestrelation.com\/","name":"Il mio rapporto con gli ospiti","description":"","publisher":{"@id":"https:\/\/myguestrelation.com\/#organization"},"potentialAction":[{"@type":"SearchAction","target":{"@type":"EntryPoint","urlTemplate":"https:\/\/myguestrelation.com\/?s={search_term_string}"},"query-input":{"@type":"PropertyValueSpecification","valueRequired":true,"valueName":"search_term_string"}}],"inLanguage":"it-IT"},{"@type":"Organization","@id":"https:\/\/myguestrelation.com\/#organization","name":"Il mio rapporto con gli ospiti","url":"https:\/\/myguestrelation.com\/","logo":{"@type":"ImageObject","inLanguage":"it-IT","@id":"https:\/\/myguestrelation.com\/#\/schema\/logo\/image\/","url":"https:\/\/myguestrelation.com\/wp-content\/uploads\/2020\/01\/Logo-final-petit_Guest-Relation.png","contentUrl":"https:\/\/myguestrelation.com\/wp-content\/uploads\/2020\/01\/Logo-final-petit_Guest-Relation.png","width":425,"height":510,"caption":"My Guest Relation"},"image":{"@id":"https:\/\/myguestrelation.com\/#\/schema\/logo\/image\/"},"sameAs":["https:\/\/www.facebook.com\/GuestRelation06\/"]},{"@type":"Person","@id":"https:\/\/myguestrelation.com\/#\/schema\/person\/14580a9dc3426e0a473e71bc1962c799","name":"grbnb06","image":{"@type":"ImageObject","inLanguage":"it-IT","@id":"https:\/\/secure.gravatar.com\/avatar\/d9ed6b03dde9a59db61b08d682c9fd139e0324cafbc668dbef60a97129dd3266?s=96&d=mm&r=g","url":"https:\/\/secure.gravatar.com\/avatar\/d9ed6b03dde9a59db61b08d682c9fd139e0324cafbc668dbef60a97129dd3266?s=96&d=mm&r=g","contentUrl":"https:\/\/secure.gravatar.com\/avatar\/d9ed6b03dde9a59db61b08d682c9fd139e0324cafbc668dbef60a97129dd3266?s=96&d=mm&r=g","caption":"grbnb06"}}]}},"_links":{"self":[{"href":"https:\/\/myguestrelation.com\/it\/wp-json\/wp\/v2\/posts\/5520","targetHints":{"allow":["GET"]}}],"collection":[{"href":"https:\/\/myguestrelation.com\/it\/wp-json\/wp\/v2\/posts"}],"about":[{"href":"https:\/\/myguestrelation.com\/it\/wp-json\/wp\/v2\/types\/post"}],"author":[{"embeddable":true,"href":"https:\/\/myguestrelation.com\/it\/wp-json\/wp\/v2\/users\/1"}],"replies":[{"embeddable":true,"href":"https:\/\/myguestrelation.com\/it\/wp-json\/wp\/v2\/comments?post=5520"}],"version-history":[{"count":7,"href":"https:\/\/myguestrelation.com\/it\/wp-json\/wp\/v2\/posts\/5520\/revisions"}],"predecessor-version":[{"id":5531,"href":"https:\/\/myguestrelation.com\/it\/wp-json\/wp\/v2\/posts\/5520\/revisions\/5531"}],"wp:featuredmedia":[{"embeddable":true,"href":"https:\/\/myguestrelation.com\/it\/wp-json\/wp\/v2\/media\/5527"}],"wp:attachment":[{"href":"https:\/\/myguestrelation.com\/it\/wp-json\/wp\/v2\/media?parent=5520"}],"wp:term":[{"taxonomy":"category","embeddable":true,"href":"https:\/\/myguestrelation.com\/it\/wp-json\/wp\/v2\/categories?post=5520"},{"taxonomy":"post_tag","embeddable":true,"href":"https:\/\/myguestrelation.com\/it\/wp-json\/wp\/v2\/tags?post=5520"}],"curies":[{"name":"wp","href":"https:\/\/api.w.org\/{rel}","templated":true}]}}